{"id":97711,"date":"2025-11-12T17:11:13","date_gmt":"2025-11-12T17:11:13","guid":{"rendered":"https:\/\/www.europesays.com\/pl\/97711\/"},"modified":"2025-11-12T17:11:13","modified_gmt":"2025-11-12T17:11:13","slug":"wielka-rywalka-sulek-nie-wroci-wicemistrzyni-io-walczyla-do-konca","status":"publish","type":"post","link":"https:\/\/www.europesays.com\/pl\/97711\/","title":{"rendered":"Wielka rywalka Su\u0142ek nie wr\u00f3ci. Wicemistrzyni IO walczy\u0142a do ko\u0144ca"},"content":{"rendered":"<p class=\"typography ids-typeset-body ids-typeset-body--preset-large link paragraph ids-paragraph ids-paragraph--default\">Lekkoatleci, w wi\u0119kszo\u015bci, sw\u00f3j sezon zako\u0144czyli pod koniec wrze\u015bnia, dla czo\u0142\u00f3wki ostatni\u0105 imprez\u0105 sezonu by\u0142y mistrzostwa \u015bwiata w Tokio. P\u00f3\u017aniej odbywa\u0142y si\u0119 jeszcze pojedyncze komercyjne mityngi, nie\u017ale obsadzone, niemniej wi\u0119kszo\u015b\u0107 gwiazd uda\u0142a si\u0119 na wakacje. A teraz ju\u017c zaczynaj\u0105 przygotowania do kolejnego sezonu, kt\u00f3ry dla cz\u0119\u015bci z nich rozpocznie si\u0119 w styczniu pod dachem, a dla reszty &#8211; dopiero p\u00f3\u017an\u0105 wiosn\u0105.<\/p>\n<p class=\"typography ids-typeset-body ids-typeset-body--preset-large link paragraph ids-paragraph ids-paragraph--default\">Z tego grona mo\u017cna wy\u0142\u0105czy\u0107 ulicznych biegaczy, bo presti\u017cowe maratony czy p\u00f3\u0142maratony odbywaj\u0105 si\u0119 na ca\u0142ym \u015bwiecie. No i specjalist\u00f3w od prze\u0142aj\u00f3w, kt\u00f3rym nie przeszkadza zimno i kiepska pogoda.<\/p>\n<p class=\"typography ids-typeset-body ids-typeset-body--preset-large link paragraph ids-paragraph ids-paragraph--default\">I kolejnych start\u00f3w ju\u017c nie zaliczy.<\/p>\n<p>Dwukrotna medalistka mistrzostw \u015bwiata i wicemistrzyni olimpijska ko\u0144czy karier\u0119. Anouk Vetter walczy\u0142a z Adriann\u0105 Su\u0142ek<\/p>\n<p class=\"typography ids-typeset-body ids-typeset-body--preset-large link paragraph ids-paragraph ids-paragraph--default\">Vetter w ostatnich latach by\u0142a w \u015bcis\u0142ej \u015bwiatowej czo\u0142\u00f3wce siedmioboju, bo rywalizacj\u0119 w hali raczej omija\u0142a szerokim \u0142ukiem. Tak\u017ce i dlatego, \u017ce jej specjalno\u015bci\u0105 by\u0142y: bieg na 200 metr\u00f3w i rzut oszczepem, cho\u0107 doskona\u0142e wyniki uzyskiwa\u0142a tak\u017ce w pchni\u0119ciu kul\u0105.<\/p>\n<p class=\"typography ids-typeset-body ids-typeset-body--preset-large link paragraph ids-paragraph ids-paragraph--default\">Latem 2021 roku w Tokio przegra\u0142a olimpijskie z\u0142oto z Thiam o 102 punkty, przes\u0105dzi\u0142 rzut oszczepem, w kt\u00f3rym wyra\u017anie lepsza okaza\u0142a si\u0119 jednak Belgijka. To tam o miejsce w pierwszej dziesi\u0105tce walczy\u0142a te\u017c nasza Adrianna Su\u0142ek, cho\u0107 talent Polki mia\u0142 rozb\u0142ysn\u0105\u0107 dopiero w kolejnym sezonie.<\/p>\n<p><img decoding=\"async\" class=\"ids-image-holder__img\" loading=\"lazy\" alt=\"Grupa radosnych lekkoatletek w strojach sportowych po zako\u0144czeniu zawod\u00f3w, trzymaj\u0105 flagi narodowe i \u015bwi\u0119tuj\u0105 wsp\u00f3lnie zdobyte sukcesy, cz\u0119\u015b\u0107 z nich obejmuje si\u0119 i u\u015bmiecha.\" title=\"Anouk Vetter, Nafissatou Thiam i Adrianna Su\u0142ek. Tokio 2021\" width=\"4365\" height=\"2910\" src=\"https:\/\/www.europesays.com\/pl\/wp-content\/uploads\/2025\/11\/000LWXP3MRYINRYG-C322-F4.webp.webp\"\/><\/p>\n<p>Anouk Vetter, Nafissatou Thiam i Adrianna Su\u0142ek. Tokio 2021Cameron SpencerAFP<\/p>\n<p class=\"typography ids-typeset-body ids-typeset-body--preset-large link paragraph ids-paragraph ids-paragraph--default\">Polka za\u015b miesi\u0105c p\u00f3\u017aniej zosta\u0142a w Monachium wicemistrzyni\u0105 Europy, zrewan\u017cowa\u0142a si\u0119 Vetter, kt\u00f3ra w drugim dniu wycofa\u0142a si\u0119 z rywalizacji.<\/p>\n<p class=\"typography ids-typeset-body ids-typeset-body--preset-large link paragraph ids-paragraph ids-paragraph--default\">A co by\u0142o p\u00f3\u017aniej, kibice lekkiej atletyki ju\u017c pami\u0119taj\u0105. Polka zako\u0144czy\u0142a sezon 2023 przed M\u015a w Budapeszcie &#8211; og\u0142osi\u0142a, \u017ce jest w ci\u0105\u017cy. Belgijka za\u015b zdoby\u0142a kolejny medal, sw\u00f3j ostatni, tym razem br\u0105zowy. Z Pary\u017ca olimpijskiego kr\u0105\u017cka nie przywioz\u0142a, dozna\u0142a kontuzji w pierwszym dniu, zmaga\u0144 nie doko\u0144czy\u0142a.<\/p>\n<p class=\"typography ids-typeset-body ids-typeset-body--preset-large link paragraph ids-paragraph ids-paragraph--default\">I to by\u0142 jej ostatni siedmiob\u00f3j, cho\u0107 niepe\u0142ny. W tym roku ju\u017c tylko rzuca\u0142a oszczepem, a przy okazji zosta\u0142a w tej konkurencji mistrzyni\u0105 Holandii.<\/p>\n<p class=\"typography ids-typeset-body ids-typeset-body--preset-large link paragraph ids-paragraph ids-paragraph--default\">Teraz og\u0142osi\u0142a, \u017ce kolejnych start\u00f3w ju\u017c nie b\u0119dzie.<\/p>\n<blockquote role=\"blockquote\" class=\"quote ids-quote ids-quote--nosurface--short--medium\"><p>Wie\u015bci si\u0119 rozesz\u0142y: ko\u0144cz\u0119 moj\u0105 karier\u0119. Przez ponad 10 lat walczy\u0142am z po\u015bwi\u0119ceniem na najwy\u017cszym poziomie. By\u0142y upadki, ale znacznie wi\u0119cej wzlot\u00f3w<\/p><\/blockquote>\n<p class=\"typography ids-typeset-body ids-typeset-body--preset-large link paragraph ids-paragraph ids-paragraph--default\">&#8211; To by\u0142a pi\u0119kna przygoda. \u015awietnie si\u0119 bawi\u0142am, wiele si\u0119 nauczy\u0142am i jestem wdzi\u0119czna za wszystko, co przynios\u0142a mi ta podr\u00f3\u017c &#8211; napisa\u0142a na Instagramie.<\/p>\n<ul class=\"typography ids-typeset-body ids-typeset-body--preset-small list--article-list ids-list ids-list--unordered ids-list--size-small \" datatype=\"disc\">\n<li class=\"ids-list-item ids-list-item__content brief-list-item\"><a class=\"ids-undecorated-link link ids-link \" data-spons=\"false\" href=\"https:\/\/sport.interia.pl\/sportowe-zycie\/news-pia-skrzyszowska-juz-tak-nie-wyglada-zafundowala-sobie-metam,nId,22453260\" rel=\"nofollow noopener\" target=\"_blank\">Pia Skrzyszowska ju\u017c tak nie wygl\u0105da. Zafundowa\u0142a sobie metamorfoz\u0119<\/a><\/li>\n<li class=\"ids-list-item ids-list-item__content brief-list-item\"><a class=\"ids-undecorated-link link ids-link \" data-spons=\"false\" href=\"https:\/\/sport.interia.pl\/lekkoatletyka\/news-tym-poza-sportem-zajmuje-sie-bukowiecka-elitarne-grono-te-pr,nId,22453188\" rel=\"nofollow noopener\" target=\"_blank\">Tym poza sportem zajmuje si\u0119 Bukowiecka. Elitarne grono. T\u0119 prac\u0119 wykonuje 34 tys. Polek<\/a><\/li>\n<\/ul>\n<p><img decoding=\"async\" class=\"ids-image-holder__img\" loading=\"lazy\" alt=\"Dwie kobiety sportowczynie obejmuj\u0105 si\u0119 i u\u015bmiechaj\u0105 do siebie na tle stadionu, wyra\u017caj\u0105c rado\u015b\u0107 po zako\u0144czonych zawodach lekkoatletycznych.\" title=\"Anouk Vetter i Nafissatou Thiam\" width=\"7125\" height=\"4750\" src=\"https:\/\/www.europesays.com\/pl\/wp-content\/uploads\/2025\/11\/000LWXPBB89MANF6-C322-F4.webp.webp\"\/><\/p>\n<p>Anouk Vetter i Nafissatou ThiamJEWEL SAMADAFP<\/p>\n<p><a class=\"ids-undecorated-link source ids-page-info--source__link\" href=\"https:\/\/www.interia.pl\" rel=\"nofollow noopener\" target=\"_blank\"><img decoding=\"async\" class=\"ids-image-holder__img\" loading=\"lazy\" alt=\"\" title=\"\" height=\"24px\" src=\"https:\/\/www.europesays.com\/pl\/wp-content\/uploads\/2025\/11\/1762966630_292_0009A60QQ5I2TYF7-C202-F4.webp.webp\"\/><\/a><\/p>\n<p>Masz sugestie, uwagi albo widzisz b\u0142\u0105d? Napisz do nas<\/p>\n","protected":false},"excerpt":{"rendered":"Lekkoatleci, w wi\u0119kszo\u015bci, sw\u00f3j sezon zako\u0144czyli pod koniec wrze\u015bnia, dla czo\u0142\u00f3wki ostatni\u0105 imprez\u0105 sezonu by\u0142y mistrzostwa \u015bwiata w&hellip;\n","protected":false},"author":2,"featured_media":97712,"comment_status":"","ping_status":"","sticky":false,"template":"","format":"standard","meta":{"footnotes":""},"categories":[24],"tags":[42,38,40,39,41,127,126],"class_list":{"0":"post-97711","1":"post","2":"type-post","3":"status-publish","4":"format-standard","5":"has-post-thumbnail","7":"category-sport","8":"tag-pl","9":"tag-poland","10":"tag-polish","11":"tag-polska","12":"tag-polski","13":"tag-sport","14":"tag-sports"},"share_on_mastodon":{"url":"https:\/\/pubeurope.com\/@pl\/115537843712435125","error":""},"_links":{"self":[{"href":"https:\/\/www.europesays.com\/pl\/wp-json\/wp\/v2\/posts\/97711","targetHints":{"allow":["GET"]}}],"collection":[{"href":"https:\/\/www.europesays.com\/pl\/wp-json\/wp\/v2\/posts"}],"about":[{"href":"https:\/\/www.europesays.com\/pl\/wp-json\/wp\/v2\/types\/post"}],"author":[{"embeddable":true,"href":"https:\/\/www.europesays.com\/pl\/wp-json\/wp\/v2\/users\/2"}],"replies":[{"embeddable":true,"href":"https:\/\/www.europesays.com\/pl\/wp-json\/wp\/v2\/comments?post=97711"}],"version-history":[{"count":0,"href":"https:\/\/www.europesays.com\/pl\/wp-json\/wp\/v2\/posts\/97711\/revisions"}],"wp:featuredmedia":[{"embeddable":true,"href":"https:\/\/www.europesays.com\/pl\/wp-json\/wp\/v2\/media\/97712"}],"wp:attachment":[{"href":"https:\/\/www.europesays.com\/pl\/wp-json\/wp\/v2\/media?parent=97711"}],"wp:term":[{"taxonomy":"category","embeddable":true,"href":"https:\/\/www.europesays.com\/pl\/wp-json\/wp\/v2\/categories?post=97711"},{"taxonomy":"post_tag","embeddable":true,"href":"https:\/\/www.europesays.com\/pl\/wp-json\/wp\/v2\/tags?post=97711"}],"curies":[{"name":"wp","href":"https:\/\/api.w.org\/{rel}","templated":true}]}}