{"id":98572,"date":"2025-11-13T05:17:16","date_gmt":"2025-11-13T05:17:16","guid":{"rendered":"https:\/\/www.europesays.com\/pl\/98572\/"},"modified":"2025-11-13T05:17:16","modified_gmt":"2025-11-13T05:17:16","slug":"ta-grupa-seniorow-nie-musi-oplacac-abonamentu-rtv-w-2025-roku-jest-jednak-jeden-warunek","status":"publish","type":"post","link":"https:\/\/www.europesays.com\/pl\/98572\/","title":{"rendered":"Ta grupa senior\u00f3w nie musi op\u0142aca\u0107 abonamentu RTV w 2025 roku. Jest jednak jeden warunek"},"content":{"rendered":"<p>    Ile wynosi abonament RTV w 2025 roku?<\/p>\n<p class=\"hyphenate \" data-text-len=\"525\" data-scroll=\"paragraph_3\">W 2025 roku op\u0142aty za <a href=\"https:\/\/serwisy.gazetaprawna.pl\/nowe-technologie\" id=\"d4d4ed64-17d9-4fd1-95f8-761b99c8a29e\" title=\"abonament RTV\" rel=\"nofollow noopener\" target=\"_blank\">abonament RTV<\/a> w Polsce pozosta\u0142y na tym samym poziomie, co w latach 2023 i 2024. Oznacza to, \u017ce miesi\u0119czna stawka za u\u017cywanie odbiornika radiowego wynosi 8,70 z\u0142, natomiast za u\u017cywanie odbiornika telewizyjnego lub telewizyjnego i radiofonicznego wynosi 27,30 z\u0142. Op\u0142aty nale\u017cy wnosi\u0107 z g\u00f3ry, do 25. dnia ka\u017cdego miesi\u0105ca, za kt\u00f3ry si\u0119 nale\u017c\u0105.<\/p>\n<p>    Abonament RTV 2025. Jakie zni\u017cki przy op\u0142acie z g\u00f3ry?<\/p>\n<p class=\"hyphenate \" data-text-len=\"364\" data-scroll=\"paragraph_6\">Osoby, kt\u00f3re zdecyduj\u0105 si\u0119 na uiszczenie op\u0142aty za d\u0142u\u017cszy okres z g\u00f3ry, mog\u0105 skorzysta\u0107 z atrakcyjnych zni\u017cek. Najwi\u0119kszy rabat w wysoko\u015bci 10 proc. przys\u0142uguje za op\u0142acenie abonamentu RTV za ca\u0142y rok kalendarzowy z g\u00f3ry, pod warunkiem wniesienia op\u0142aty do 25 stycznia 2025 roku. Wysoko\u015b\u0107 op\u0142at rocznych po uwzgl\u0119dnieniu 10-procentowej zni\u017cki to:<\/p>\n<ul data-scroll=\"bullet\">\n<li class=\"firstListItem\">Za u\u017cywanie odbiornika radiofonicznego: 94,00 z\u0142 za rok.<\/li>\n<li class=\"firstListItem\">Za u\u017cywanie odbiornika telewizyjnego albo radiofonicznego i telewizyjnego: 294,90 z\u0142 za rok.<\/li>\n<\/ul>\n<p class=\"hyphenate \" data-text-len=\"63\" data-scroll=\"paragraph_8\">Dost\u0119pne s\u0105 tak\u017ce zni\u017cki za p\u0142atno\u015bci na okres kr\u00f3tszy ni\u017c rok:<\/p>\n<ul data-scroll=\"bullet\">\n<li class=\"firstListItem\">3,0 proc. zni\u017cki przy op\u0142acie za dwa miesi\u0105ce z g\u00f3ry (radio: 16,90 z\u0142, TV\/RTV: 53,00 z\u0142).<\/li>\n<li class=\"firstListItem\">4,0 proc. zni\u017cki przy op\u0142acie za trzy miesi\u0105ce z g\u00f3ry (radio: 25,10 z\u0142, TV\/RTV: 78,70 z\u0142).<\/li>\n<li class=\"firstListItem\">5,0 proc. zni\u017cki przy op\u0142acie za sze\u015b\u0107 miesi\u0119cy z g\u00f3ry (radio: 49,60 z\u0142, TV\/RTV: 155,70 z\u0142).<\/li>\n<\/ul>\n<p>    Ci seniorzy s\u0105 zwolnieni z op\u0142acania abonamentu RTV<\/p>\n<p class=\"hyphenate \" data-text-len=\"927\" data-scroll=\"paragraph_11\">Seniorzy s\u0105 zwolnieni z konieczno\u015bci uiszczania op\u0142at za abonament RTV, pod warunkiem, \u017ce ich <a href=\"https:\/\/serwisy.gazetaprawna.pl\/emerytury-i-renty\" id=\"e039d757-9f4c-4c99-a648-99ae592fc3a0\" title=\"\u015awiadczenia\" rel=\"nofollow noopener\" target=\"_blank\">\u015bwiadczenia<\/a> emerytalne nie s\u0105 zbyt wysokie. Aby kwalifikowa\u0107 si\u0119 do zwolnienia, nale\u017cy mie\u0107 uko\u0144czone 60 lat oraz pobiera\u0107 emerytur\u0119, kt\u00f3rej kwota nie przekracza po\u0142owy przeci\u0119tnego wynagrodzenia. Warto zauwa\u017cy\u0107, \u017ce ta graniczna kwota uleg\u0142a zmianie. Cho\u0107 wcze\u015bniej limit wynosi\u0142 3577,74 z\u0142, to w 2025 roku zwolnienie obejmuje emeryt\u00f3w, kt\u00f3rych miesi\u0119czna emerytura brutto jest ni\u017csza ni\u017c 4090,86 z\u0142. Jest to r\u00f3wno 50 proc. przeci\u0119tnego miesi\u0119cznego wynagrodzenia w gospodarce narodowej w 2024 roku, kt\u00f3re wynios\u0142o 8181,72 z\u0142. Kwota ta jest aktualizowana co roku i zale\u017cy od terminu og\u0142oszenia komunikatu przez prezesa G\u0142\u00f3wnego Urz\u0119du Statystycznego (GUS).<\/p>\n<p>    Te osoby s\u0105 zwolnione z op\u0142acania abonamentu RTV<\/p>\n<p class=\"hyphenate \" data-text-len=\"84\" data-scroll=\"paragraph_13\">W 2025 roku z op\u0142acania abonamentu RTV zwolnione s\u0105 m.in. nast\u0119puj\u0105ce osoby i grupy:<\/p>\n<ul data-scroll=\"bullet\">\n<li class=\"firstListItem\">Seniorzy i emeryci: Osoby, kt\u00f3re uko\u0144czy\u0142y 75 lat. Zwolnienie przys\u0142uguje automatycznie (od pierwszego dnia miesi\u0105ca nast\u0119puj\u0105cego po miesi\u0105cu, w kt\u00f3rym uko\u0144czono 75 lat) \u2013 je\u015bli odbiornik jest zarejestrowany na nazwisko seniora, a Poczta Polska S.A. mo\u017ce ustali\u0107 uprawnienie na podstawie danych z rejestru PESEL. Osoby, kt\u00f3re uko\u0144czy\u0142y 60 lat i maj\u0105 prawo do emerytury, kt\u00f3rej wysoko\u015b\u0107 nie przekracza miesi\u0119cznie kwoty 50 proc. przeci\u0119tnego wynagrodzenia w gospodarce narodowej w roku poprzedzaj\u0105cym (og\u0142aszanego przez prezesa GUS). W 2025 roku ten pr\u00f3g wynosi 4 090,86 z\u0142 brutto miesi\u0119cznie. Aby skorzysta\u0107 ze zwolnienia, nale\u017cy z\u0142o\u017cy\u0107 odpowiednie dokumenty (w tym decyzj\u0119 emerytaln\u0105 i za\u015bwiadczenie o wysoko\u015bci \u015bwiadczenia) w plac\u00f3wce Poczty Polskiej.<\/li>\n<li class=\"firstListItem\">Osoby z niepe\u0142nosprawno\u015bciami: Osoby zaliczone do I grupy inwalidzkiej (obecnie: znaczny stopie\u0144 niepe\u0142nosprawno\u015bci); osoby, co do kt\u00f3rych orzeczono o ca\u0142kowitej niezdolno\u015bci do pracy; osoby nies\u0142ysz\u0105ce, u kt\u00f3rych stwierdzono ca\u0142kowit\u0105 g\u0142uchot\u0119 lub obustronne upo\u015bledzenie s\u0142uchu; osoby niewidome, kt\u00f3rych ostro\u015b\u0107 wzroku nie przekracza 15 proc.<\/li>\n<li class=\"firstListItem\">Weterani i osoby represjonowane: Weterani b\u0119d\u0105cy inwalidami wojennymi lub wojskowymi; inwalidzi wojenni lub wojskowi; cz\u0142onkowie rodzin pozosta\u0142ych po weteranach i osobach represjonowanych (w okre\u015blonych przypadkach).<\/li>\n<li class=\"firstListItem\">Inne grupy socjalne: Osoby pobieraj\u0105ce \u015bwiadczenia piel\u0119gnacyjne lub specjalny zasi\u0142ek opieku\u0144czy; osoby pobieraj\u0105ce rent\u0119 socjaln\u0105; osoby zarejestrowane jako bezrobotne; psoby pobieraj\u0105ce zasi\u0142ek przedemerytalny.<\/li>\n<\/ul>\n<p>    Jak skorzysta\u0107 ze zwolnienia z op\u0142acania abonamentu RTV w 205 roku?<\/p>\n<p class=\"hyphenate \" data-text-len=\"670\" data-scroll=\"paragraph_16\">Aby legalnie skorzysta\u0107 ze <a href=\"https:\/\/www.gazetaprawna.pl\/tagi\/zwolnienia\" id=\"250b1c44-9fd9-40e4-a809-fce3eed17075\" title=\"zwolnienia\" rel=\"nofollow noopener\" target=\"_blank\">zwolnienia<\/a> z op\u0142acania abonamentu RTV w Polsce, nale\u017cy spe\u0142nia\u0107 jeden z kryteri\u00f3w ustawowych oraz \u2013 w wi\u0119kszo\u015bci przypadk\u00f3w \u2013 dope\u0142ni\u0107 niezb\u0119dnych formalno\u015bci w plac\u00f3wce Poczty Polskiej. Jedyn\u0105 grup\u0105, kt\u00f3ra zyskuje to uprawnienie automatycznie, s\u0105 osoby, kt\u00f3re uko\u0144czy\u0142y 75 lat. W ich przypadku Poczta Polska, dzia\u0142aj\u0105ca jako operator us\u0142ugi, ma obowi\u0105zek ustali\u0107 uprawnienie na podstawie rejestru PESEL, a zwolnienie wchodzi w \u017cycie od pierwszego dnia miesi\u0105ca nast\u0119puj\u0105cego po urodzinach.<\/p>\n<p class=\"hyphenate \" data-text-len=\"422\" data-scroll=\"paragraph_17\">Dla wszystkich pozosta\u0142ych uprawnionych grup, takich jak: osoby po 60. roku \u017cycia z nisk\u0105 emerytur\u0105 (nieprzekraczaj\u0105c\u0105 50 proc. przeci\u0119tnego wynagrodzenia), osoby zaliczone do I grupy inwalidzkiej lub ze znacznym stopniem niepe\u0142nosprawno\u015bci, osoby niewidome lub nies\u0142ysz\u0105ce, a tak\u017ce pobieraj\u0105ce \u015bwiadczenia socjalne (np. zasi\u0142ek piel\u0119gnacyjny, rent\u0119 socjaln\u0105), niezb\u0119dne jest osobiste z\u0142o\u017cenie dokument\u00f3w.<\/p>\n<p class=\"hyphenate \" data-scroll=\"paragraph_18\">Procedura ta wymaga udania si\u0119 do dowolnej plac\u00f3wki Poczty Polskiej S.A. i z\u0142o\u017cenia &#8222;O\u015bwiadczenia o spe\u0142nianiu warunk\u00f3w do korzystania ze zwolnie\u0144 od op\u0142at abonamentowych RTV&#8221;. Kluczowe jest jednoczesne przedstawienie orygina\u0142\u00f3w lub odpis\u00f3w dokument\u00f3w potwierdzaj\u0105cych uprawnienie. Przyk\u0142adowo, emeryt musi okaza\u0107 dow\u00f3d osobisty i decyzj\u0119 organu emerytalno-rentowego (ZUS\/KRUS) o wysoko\u015bci \u015bwiadczenia, a osoba z niepe\u0142nosprawno\u015bci\u0105 \u2013 orzeczenie o stopniu niepe\u0142nosprawno\u015bci. Samo zwolnienie staje si\u0119 skuteczne od pierwszego dnia miesi\u0105ca nast\u0119puj\u0105cego po miesi\u0105cu, w kt\u00f3rym wymagane formalno\u015bci zosta\u0142y dope\u0142nione i zaakceptowane przez poczt\u0119.<\/p>\n","protected":false},"excerpt":{"rendered":"Ile wynosi abonament RTV w 2025 roku? W 2025 roku op\u0142aty za abonament RTV w Polsce pozosta\u0142y na&hellip;\n","protected":false},"author":2,"featured_media":98573,"comment_status":"","ping_status":"","sticky":false,"template":"","format":"standard","meta":{"footnotes":""},"categories":[16],"tags":[113,112,42,38,40,39,41],"class_list":{"0":"post-98572","1":"post","2":"type-post","3":"status-publish","4":"format-standard","5":"has-post-thumbnail","7":"category-biznes","8":"tag-biznes","9":"tag-business","10":"tag-pl","11":"tag-poland","12":"tag-polish","13":"tag-polska","14":"tag-polski"},"share_on_mastodon":{"url":"https:\/\/pubeurope.com\/@pl\/115540698264369535","error":""},"_links":{"self":[{"href":"https:\/\/www.europesays.com\/pl\/wp-json\/wp\/v2\/posts\/98572","targetHints":{"allow":["GET"]}}],"collection":[{"href":"https:\/\/www.europesays.com\/pl\/wp-json\/wp\/v2\/posts"}],"about":[{"href":"https:\/\/www.europesays.com\/pl\/wp-json\/wp\/v2\/types\/post"}],"author":[{"embeddable":true,"href":"https:\/\/www.europesays.com\/pl\/wp-json\/wp\/v2\/users\/2"}],"replies":[{"embeddable":true,"href":"https:\/\/www.europesays.com\/pl\/wp-json\/wp\/v2\/comments?post=98572"}],"version-history":[{"count":0,"href":"https:\/\/www.europesays.com\/pl\/wp-json\/wp\/v2\/posts\/98572\/revisions"}],"wp:featuredmedia":[{"embeddable":true,"href":"https:\/\/www.europesays.com\/pl\/wp-json\/wp\/v2\/media\/98573"}],"wp:attachment":[{"href":"https:\/\/www.europesays.com\/pl\/wp-json\/wp\/v2\/media?parent=98572"}],"wp:term":[{"taxonomy":"category","embeddable":true,"href":"https:\/\/www.europesays.com\/pl\/wp-json\/wp\/v2\/categories?post=98572"},{"taxonomy":"post_tag","embeddable":true,"href":"https:\/\/www.europesays.com\/pl\/wp-json\/wp\/v2\/tags?post=98572"}],"curies":[{"name":"wp","href":"https:\/\/api.w.org\/{rel}","templated":true}]}}