{"id":98600,"date":"2025-11-13T05:49:09","date_gmt":"2025-11-13T05:49:09","guid":{"rendered":"https:\/\/www.europesays.com\/pl\/98600\/"},"modified":"2025-11-13T05:49:09","modified_gmt":"2025-11-13T05:49:09","slug":"szczesny-dostal-propozycje-od-polskiego-klubu","status":"publish","type":"post","link":"https:\/\/www.europesays.com\/pl\/98600\/","title":{"rendered":"Szcz\u0119sny dosta\u0142 propozycj\u0119 od polskiego klubu"},"content":{"rendered":"\n<p class=\"contentpart contentpart--default contentpart--text\" data-position=\"0\"><a href=\"https:\/\/sportowefakty.wp.pl\/pilka-nozna\/wojciech-szczesny\" rel=\"nofollow noopener\" target=\"_blank\">Wojciech Szcz\u0119sny<\/a>\u00a0po odej\u015bciu z Juventusu przerw\u0119 od futbolu zako\u0144czy\u0142 po niespe\u0142na miesi\u0105cu, gdy <a href=\"https:\/\/sportowefakty.wp.pl\/pilka-nozna\/fc-barcelona\" rel=\"nofollow noopener\" target=\"_blank\">FC Barcelona<\/a>\u00a0potrzebowa\u0142a zast\u0119pstwa za kontuzjowanego Marca-Andre ter Stegena.<\/p>\n<p class=\"contentpart contentpart--default contentpart--text\" data-position=\"1\">W pierwszych miesi\u0105cach do\u015bwiadczony bramkarz siedzia\u0142 na \u0142awce, ale na prze\u0142omie 2024 i 2025 roku dosta\u0142 szans\u0119 od Hansi Flicka. Wykorzysta\u0142 j\u0105 na tyle, \u017ce ju\u017c do ko\u0144ca sezonu strzeg\u0142 bramki Barcelony.<\/p>\n<p> <img role=\"presentation\" src=\"https:\/\/std.wpcdn.pl\/images\/adv\/placeholder_wp.svg\" loading=\"lazy\" alt=\"\" decoding=\"async\"\/>  <\/p>\n<p class=\"contentpart contentpart--default contentpart--text\" data-position=\"2\">ZOBACZ WIDEO: Bramkarz popisa\u0142 si\u0119 kapitalnym trafieniem w Argentynie<\/p>\n<p class=\"contentpart contentpart--default contentpart--text\" data-position=\"4\">Zanim jednak trafi\u0142 do Hiszpanii, Szcz\u0119sny otrzyma\u0142 propozycje gry od&#8230;\u00a0LKS-u Tajfun Ostr\u00f3w Lubelski. &#8211;\u00a0My\u015bla\u0142 o tym, \u017ceby zagra\u0107 jeden mecz &#8211; ujawni\u0142 \u0141ukasz Olkowicz, dziennikarz Przegl\u0105du Sportowego Onet w podca\u015bcie &#8222;Ofensywni&#8221;.<\/p>\n<p class=\"contentpart contentpart--default contentpart--text\" data-position=\"5\">Klub z Ostrowa Lubelskiego wyst\u0119puje w A klasie, a jego prezesem jest raper Micha\u0142 Matczak, znany jako &#8222;Mata&#8221;. Szcz\u0119sny ostatecznie trafi\u0142 jednak do Barcelony, gdzie po udanym jednym sezonie przed\u0142u\u017cy\u0142 kontrakt do 2027 roku.<\/p>\n<p class=\"contentpart contentpart--default contentpart--text\" data-position=\"6\">Co ciekawe z LKS-u Tajfun propozycj\u0119 otrzyma\u0142 tak\u017ce <a href=\"https:\/\/sportowefakty.wp.pl\/pilka-nozna\/grzegorz-krychowiak\" rel=\"nofollow noopener\" target=\"_blank\">Grzegorz Krychowiak<\/a>. Pomocnik, a prywatnie przyjaciel Szcz\u0119snego,\u00a0wybra\u0142 jednak inn\u0105 drog\u0119 i ostatecznie zako\u0144czy\u0142 karier\u0119 w Mazurze Radzymin, dru\u017cynie z ligi okr\u0119gowej, w kt\u00f3r\u0105 zaanga\u017cowany jest inny raper\u00a0Jakub Grabowski, ps. &#8222;Quebonafide&#8221;.<\/p>\n","protected":false},"excerpt":{"rendered":"Wojciech Szcz\u0119sny\u00a0po odej\u015bciu z Juventusu przerw\u0119 od futbolu zako\u0144czy\u0142 po niespe\u0142na miesi\u0105cu, gdy FC Barcelona\u00a0potrzebowa\u0142a zast\u0119pstwa za kontuzjowanego&hellip;\n","protected":false},"author":2,"featured_media":98601,"comment_status":"","ping_status":"","sticky":false,"template":"","format":"standard","meta":{"footnotes":""},"categories":[24],"tags":[272,10225,269,42,38,40,39,41,127,126,2817,1876],"class_list":{"0":"post-98600","1":"post","2":"type-post","3":"status-publish","4":"format-standard","5":"has-post-thumbnail","7":"category-sport","8":"tag-fc-barcelona","9":"tag-grzegorz-krychowiak","10":"tag-pilka-nozna","11":"tag-pl","12":"tag-poland","13":"tag-polish","14":"tag-polska","15":"tag-polski","16":"tag-sport","17":"tag-sports","18":"tag-transfery","19":"tag-wojciech-szczesny"},"share_on_mastodon":{"url":"https:\/\/pubeurope.com\/@pl\/115540824404352663","error":""},"_links":{"self":[{"href":"https:\/\/www.europesays.com\/pl\/wp-json\/wp\/v2\/posts\/98600","targetHints":{"allow":["GET"]}}],"collection":[{"href":"https:\/\/www.europesays.com\/pl\/wp-json\/wp\/v2\/posts"}],"about":[{"href":"https:\/\/www.europesays.com\/pl\/wp-json\/wp\/v2\/types\/post"}],"author":[{"embeddable":true,"href":"https:\/\/www.europesays.com\/pl\/wp-json\/wp\/v2\/users\/2"}],"replies":[{"embeddable":true,"href":"https:\/\/www.europesays.com\/pl\/wp-json\/wp\/v2\/comments?post=98600"}],"version-history":[{"count":0,"href":"https:\/\/www.europesays.com\/pl\/wp-json\/wp\/v2\/posts\/98600\/revisions"}],"wp:featuredmedia":[{"embeddable":true,"href":"https:\/\/www.europesays.com\/pl\/wp-json\/wp\/v2\/media\/98601"}],"wp:attachment":[{"href":"https:\/\/www.europesays.com\/pl\/wp-json\/wp\/v2\/media?parent=98600"}],"wp:term":[{"taxonomy":"category","embeddable":true,"href":"https:\/\/www.europesays.com\/pl\/wp-json\/wp\/v2\/categories?post=98600"},{"taxonomy":"post_tag","embeddable":true,"href":"https:\/\/www.europesays.com\/pl\/wp-json\/wp\/v2\/tags?post=98600"}],"curies":[{"name":"wp","href":"https:\/\/api.w.org\/{rel}","templated":true}]}}