{"id":99128,"date":"2025-11-13T11:47:09","date_gmt":"2025-11-13T11:47:09","guid":{"rendered":"https:\/\/www.europesays.com\/pl\/99128\/"},"modified":"2025-11-13T11:47:09","modified_gmt":"2025-11-13T11:47:09","slug":"slowa-sabalenki-zabola-swiatek-numer-dwa-to-juz-nie-to-samo","status":"publish","type":"post","link":"https:\/\/www.europesays.com\/pl\/99128\/","title":{"rendered":"S\u0142owa Sabalenki zabol\u0105 \u015awi\u0105tek? &#8222;Numer dwa to ju\u017c nie to samo&#8221;"},"content":{"rendered":"\n<p class=\"contentpart contentpart--default contentpart--text\" data-position=\"0\"><a href=\"https:\/\/sportowefakty.wp.pl\/tenis\/aryna-sabalenka\" rel=\"nofollow noopener\" target=\"_blank\">Aryna Sabalenka<\/a>, liderka rankingu <a href=\"https:\/\/sportowefakty.wp.pl\/tenis\/wta\" rel=\"nofollow noopener\" target=\"_blank\">WTA<\/a>\u00a0przez ca\u0142y 2025 rok, docenia to, jak\u0105 obecnie zajmuje pozycj\u0119 i zaskakuj\u0105co wykorzystuje jej przywileje.<\/p>\n<p class=\"contentpart contentpart--default contentpart--text\" data-position=\"1\">&#8211; Kiedy chcesz zrobi\u0107 jak\u0105\u015b rezerwacj\u0119 albo wcisn\u0105\u0107 si\u0119 przed kolejk\u0119 i s\u0142yszysz, jak tw\u00f3j zesp\u00f3\u0142 m\u00f3wi &#8222;s\u0142uchajcie, to jest numer jeden na \u015bwiecie&#8221;. To dobrze brzmi i za\u0142atwia wiele spraw. Wiecie, numer dwa to ju\u017c nie to samo. Ludzie mog\u0105 go zby\u0107 wzruszeniem ramion. Ale nie numer jeden &#8211; powiedzia\u0142a Sabalenka w podca\u015bcie rosyjskiego dziennikarza Aleksandra Soko\u0142owskiego. Bia\u0142orusinka przyznaje, \u017ce jej podej\u015bcie jest inne ni\u017c podej\u015bcie Igi \u015awi\u0105tek.<\/p>\n<p> <img role=\"presentation\" src=\"https:\/\/std.wpcdn.pl\/images\/adv\/placeholder_wp.svg\" loading=\"lazy\" alt=\"\" decoding=\"async\"\/>  <\/p>\n<p class=\"contentpart contentpart--default contentpart--text\" data-position=\"2\">ZOBACZ WIDEO: #dziejesiewsporcie: Wyj\u0105tkowy trening Polaka. Spotka\u0142 si\u0119 z legend\u0105 sportu<\/p>\n<p class=\"contentpart contentpart--default contentpart--text\" data-position=\"4\"><a href=\"https:\/\/sportowefakty.wp.pl\/tenis\/iga-swiatek\" rel=\"nofollow noopener\" target=\"_blank\">Iga \u015awi\u0105tek<\/a>, obecnie numer dwa w rankingu, przyzna\u0142a, \u017ce utrata lidera by\u0142a dla niej ciosem. Belgijski trener \u015awi\u0105tek, Wim Fissette, podkre\u015bla, \u017ce dla Polki powr\u00f3t na pierwsze miejsce jest absolutnym priorytetem.<\/p>\n<p class=\"contentpart contentpart--default contentpart--text\" data-position=\"5\">Sabalenka, mimo przewagi nad \u015awi\u0105tek wynosz\u0105cej prawie 2500 punkt\u00f3w, zdaje sobie spraw\u0119 z wyzwa\u0144 nadchodz\u0105cego sezonu. &#8211; Wiem, \u017ce nikt nie wyry\u0142 mi tej pozycji w kamieniu&#8230; chcia\u0142abym utrzyma\u0107 j\u0105, najd\u0142u\u017cej jak si\u0119 da &#8211; stwierdzi\u0142a Bia\u0142orusinka.<\/p>\n","protected":false},"excerpt":{"rendered":"Aryna Sabalenka, liderka rankingu WTA\u00a0przez ca\u0142y 2025 rok, docenia to, jak\u0105 obecnie zajmuje pozycj\u0119 i zaskakuj\u0105co wykorzystuje jej&hellip;\n","protected":false},"author":2,"featured_media":99129,"comment_status":"","ping_status":"","sticky":false,"template":"","format":"standard","meta":{"footnotes":""},"categories":[24],"tags":[517,158,42,38,40,39,41,127,126,156,157],"class_list":{"0":"post-99128","1":"post","2":"type-post","3":"status-publish","4":"format-standard","5":"has-post-thumbnail","7":"category-sport","8":"tag-aryna-sabalenka","9":"tag-iga-swiatek","10":"tag-pl","11":"tag-poland","12":"tag-polish","13":"tag-polska","14":"tag-polski","15":"tag-sport","16":"tag-sports","17":"tag-tenis","18":"tag-wta"},"share_on_mastodon":{"url":"https:\/\/pubeurope.com\/@pl\/115542232276821387","error":""},"_links":{"self":[{"href":"https:\/\/www.europesays.com\/pl\/wp-json\/wp\/v2\/posts\/99128","targetHints":{"allow":["GET"]}}],"collection":[{"href":"https:\/\/www.europesays.com\/pl\/wp-json\/wp\/v2\/posts"}],"about":[{"href":"https:\/\/www.europesays.com\/pl\/wp-json\/wp\/v2\/types\/post"}],"author":[{"embeddable":true,"href":"https:\/\/www.europesays.com\/pl\/wp-json\/wp\/v2\/users\/2"}],"replies":[{"embeddable":true,"href":"https:\/\/www.europesays.com\/pl\/wp-json\/wp\/v2\/comments?post=99128"}],"version-history":[{"count":0,"href":"https:\/\/www.europesays.com\/pl\/wp-json\/wp\/v2\/posts\/99128\/revisions"}],"wp:featuredmedia":[{"embeddable":true,"href":"https:\/\/www.europesays.com\/pl\/wp-json\/wp\/v2\/media\/99129"}],"wp:attachment":[{"href":"https:\/\/www.europesays.com\/pl\/wp-json\/wp\/v2\/media?parent=99128"}],"wp:term":[{"taxonomy":"category","embeddable":true,"href":"https:\/\/www.europesays.com\/pl\/wp-json\/wp\/v2\/categories?post=99128"},{"taxonomy":"post_tag","embeddable":true,"href":"https:\/\/www.europesays.com\/pl\/wp-json\/wp\/v2\/tags?post=99128"}],"curies":[{"name":"wp","href":"https:\/\/api.w.org\/{rel}","templated":true}]}}