{"id":9921,"date":"2025-09-22T15:38:15","date_gmt":"2025-09-22T15:38:15","guid":{"rendered":"https:\/\/www.europesays.com\/pl\/9921\/"},"modified":"2025-09-22T15:38:15","modified_gmt":"2025-09-22T15:38:15","slug":"od-drugiej-w-nocy-czekali-na-koncert-sanah-w-warszawie-zmienialismy-warte","status":"publish","type":"post","link":"https:\/\/www.europesays.com\/pl\/9921\/","title":{"rendered":"Od drugiej w nocy czekali na koncert sanah w Warszawie. &#8222;Zmieniali\u015bmy wart\u0119&#8221;"},"content":{"rendered":"<p class=\"ods-c-paragraph\">Za nami dwa spektakularne koncerty <a href=\"https:\/\/plejada.pl\/sanah\" id=\"8b75f8c0-d172-41cc-98fb-ace9b59e5c2a\" rel=\"nofollow noopener\" target=\"_blank\">sanah<\/a> na PGE Narodowym w Warszawie. Artystka wype\u0142ni\u0142a stadion po brzegi, \u0142\u0105cz\u0105c swoje najwi\u0119ksze przeboje z utworami z albumu &#8222;Dwoje ludzie\u0144k\u00f3w&#8221;. To w\u0142a\u015bnie ta p\u0142yta i has\u0142o &#8222;W ho\u0142dzie mistrzom s\u0142owa i ich tw\u00f3rczo\u015bci&#8221; wyznacza\u0142y g\u0142\u00f3wny ton ca\u0142ego widowiska. Nie zabrak\u0142o te\u017c zaskocze\u0144 \u2014 <a href=\"https:\/\/plejada.pl\/newsy\/gejzery-traktor-na-scenie-i-lot-nad-tlumem-spektakularny-show-sanah-w-warszawie\/0ws9esj\" id=\"d9b1e29c-ca39-4911-8338-a6d891c4b77a\" rel=\"nofollow noopener\" target=\"_blank\">podczas &#8222;Marcepanu&#8221; sanah wjecha\u0142a na scen\u0119 odblaskowym traktorem<\/a>, a w trakcie przeboju &#8222;kolo\u0144ska i szlugi&#8221; zasiad\u0142a na srebrnej figurze krowy.<\/p>\n<p>Dalszy ci\u0105g artyku\u0142u pod materia\u0142em wideo<\/p>\n<p> O kt\u00f3rej godzinie fani zacz\u0119li czeka\u0107 na koncert sanah? <\/p>\n<p> Jak d\u0142ugo niekt\u00f3rzy fani czekali na koncert? <\/p>\n<p> Co oznacza godzina 2:00 w kontek\u015bcie koncertu sanah? <\/p>\n<p> Jakie niespodzianki przygotowa\u0142a sanah podczas koncertu? <\/p>\n<p>  Od drugiej w nocy czekali na koncert sanah w Warszawie<\/p>\n<p class=\"ods-c-paragraph\">Nie da si\u0119 ukry\u0107, \u017ce sanah mo\u017ce pochwali\u0107 si\u0119 ogromn\u0105 rzesz\u0105 fan\u00f3w, co potwierdzaj\u0105 dwa ostatnie, wyprzedane koncerty w Warszawie oraz liczne wyst\u0119py z przesz\u0142o\u015bci. Jak si\u0119 okaza\u0142o, wielu z nich ustawi\u0142o si\u0119 w kolejce pod stadionem ju\u017c kilkana\u015bcie godzin wcze\u015bniej. I nie chodzi tu o oczekiwanie cztery czy pi\u0119\u0107 godzin przed wej\u015bciem, lecz nawet\u2026 18 godz.<\/p>\n<p class=\"ods-c-paragraph\">Portal Eventim porozmawia\u0142 z fanami sanah czekaj\u0105cymi pod PGE Narodowym. Cz\u0119\u015b\u0107 z nich pojawi\u0142a si\u0119 tam ju\u017c o drugiej w nocy, by jako pierwsi wej\u015b\u0107 na stadion i zaj\u0105\u0107 miejsca jak najbli\u017cej sceny.<\/p>\n<blockquote class=\"ods-o-quota\">\n<p class=\"ods-o-quota__paragraph\">Od godziny drugiej w nocy<\/p>\n<\/blockquote>\n<p class=\"ods-c-paragraph\">\u2014 m\u00f3wi jedna z os\u00f3b. Dziennikarka zwr\u00f3ci\u0142a uwag\u0119, \u017ce sama godzina rozpocz\u0119cia oczekiwania mog\u0142a by\u0107 nieprzypadkowa \u2014 nawi\u0105zywa\u0142a bowiem do jednego z utwor\u00f3w artystki, zatytu\u0142owanego &#8222;2:00&#8221;.<\/p>\n<blockquote class=\"ods-o-quota\">\n<p class=\"ods-o-quota__paragraph\">Og\u00f3lnie to od razu po koncercie poprzednim. Tak si\u0119 zm\u00f3wili\u015bmy, \u017ce byli\u015bmy od razu i troch\u0119 zmieniali\u015bmy wart\u0119. <\/p>\n<\/blockquote>\n<p class=\"ods-c-paragraph\">\u2014 wyjawi\u0142 kolejny fan. Niekt\u00f3rzy oczekiwali r\u00f3wnie\u017c od pierwszej w nocy, a tak\u017ce p\u00f3\u0142nocy.<\/p>\n<p><img decoding=\"async\" src=\"https:\/\/www.europesays.com\/pl\/wp-content\/uploads\/2025\/09\/Zcwk9lBaHR0cHM6Ly9vY2RuLmV1L3B1bHNjbXMvTURBXy8yZTc0M2VkMjNjNzJiNGY1Mzc0YzhmZDU5ZDE3NGEyMi5qcGeRlQLNA.jpeg\" height=\"529\" width=\"940\" alt=\"Sanah na PGE Narodowym (20 wrze\u015bnia 2025 r.)\" loading=\"lazy\" class=\"ods-c-image__img ods-c-image__img--vertical\"\/><\/p>\n<p>Sanah na PGE Narodowym (20 wrze\u015bnia 2025 r.)Maja Krawczyk \/ Onet<\/p>\n<p class=\"ods-c-paragraph\">Dzi\u0119kujemy, \u017ce przeczyta\u0142a\u015b\/e\u015b nasz artyku\u0142 do ko\u0144ca. W serwisie Plejada.pl ka\u017cdego dnia piszemy o najwa\u017cniejszych wydarzeniach show-biznesowych. B\u0105d\u017a na bie\u017c\u0105co! <a rel=\"nofollow noopener\" href=\"https:\/\/news.google.com\/publications\/CAAiEF0PeAlb7W1llpV_mwV2rL4qFAgKIhBdD3gJW-1tZZaVf5sFdqy-?hl=pl&amp;gl=PL&amp;ceid=PL%3Apl\" id=\"61d1baca-7cb3-4e1e-a0d8-28ee9618411f\" target=\"_blank\">Obserwuj<\/a> Plejad\u0119 w Wiadomo\u015bciach Google. Odwied\u017a nas tak\u017ce na <a rel=\"nofollow noopener\" href=\"https:\/\/www.facebook.com\/plejadapl\" id=\"b272298c-f65e-4a1b-b663-2746205ec5d9\" target=\"_blank\">Facebooku<\/a>, <a rel=\"nofollow noopener\" href=\"https:\/\/www.instagram.com\/plejadapl\/\" id=\"babf21da-ea10-4dda-b3e8-e2fb1a7346b4\" target=\"_blank\">Instagramie<\/a>, <a rel=\"nofollow noopener\" href=\"https:\/\/www.youtube.com\/c\/plejada\" id=\"c937abd5-0fec-4455-a3bc-ed2be8c736ef\" target=\"_blank\">YouTubie<\/a> oraz <a rel=\"nofollow noopener\" href=\"https:\/\/www.tiktok.com\/@plejada_pl\" id=\"76bb1dc6-7503-478a-b06c-5d8259444a07\" target=\"_blank\">TikToku<\/a>.<\/p>\n<p class=\"ods-c-paragraph\">Chcesz podzieli\u0107 si\u0119 ciekawym newsem lub zaproponowa\u0107 temat? Skontaktuj si\u0119 z nami, pisz\u0105c maila na adres: <a rel=\"nofollow noopener\" href=\"https:\/\/plejada.pl\/newsy\/od-drugiej-w-nocy-czekali-na-koncert-sanah-w-warszawie-zmienialismy-warte\/mailto:plejada@redakcjaonet.pl\" id=\"26c46acc-b632-41b8-b2dd-f1ac618b1be7\" target=\"_blank\">plejada@redakcjaon<\/a><a rel=\"nofollow noopener\" href=\"https:\/\/et.pl\/\" id=\"83f4da48-888d-43c7-a53c-cb7f29d4f19d\" target=\"_blank\">et.pl<\/a>.<\/p>\n<p><script async src=\"\/\/www.instagram.com\/embed.js\"><\/script><script async src=\"\/\/www.tiktok.com\/embed.js\"><\/script><\/p>\n","protected":false},"excerpt":{"rendered":"Za nami dwa spektakularne koncerty sanah na PGE Narodowym w Warszawie. Artystka wype\u0142ni\u0142a stadion po brzegi, \u0142\u0105cz\u0105c swoje&hellip;\n","protected":false},"author":2,"featured_media":9922,"comment_status":"","ping_status":"","sticky":false,"template":"","format":"standard","meta":{"footnotes":""},"categories":[22],"tags":[122,48,125,46,42,38,40,39,41,123,2593,47],"class_list":{"0":"post-9921","1":"post","2":"type-post","3":"status-publish","4":"format-standard","5":"has-post-thumbnail","7":"category-rozrywka","8":"tag-entertainment","9":"tag-nat_styl","10":"tag-newsy","11":"tag-omp","12":"tag-pl","13":"tag-poland","14":"tag-polish","15":"tag-polska","16":"tag-polski","17":"tag-rozrywka","18":"tag-sanah","19":"tag-screening_general"},"share_on_mastodon":{"url":"","error":""},"_links":{"self":[{"href":"https:\/\/www.europesays.com\/pl\/wp-json\/wp\/v2\/posts\/9921","targetHints":{"allow":["GET"]}}],"collection":[{"href":"https:\/\/www.europesays.com\/pl\/wp-json\/wp\/v2\/posts"}],"about":[{"href":"https:\/\/www.europesays.com\/pl\/wp-json\/wp\/v2\/types\/post"}],"author":[{"embeddable":true,"href":"https:\/\/www.europesays.com\/pl\/wp-json\/wp\/v2\/users\/2"}],"replies":[{"embeddable":true,"href":"https:\/\/www.europesays.com\/pl\/wp-json\/wp\/v2\/comments?post=9921"}],"version-history":[{"count":0,"href":"https:\/\/www.europesays.com\/pl\/wp-json\/wp\/v2\/posts\/9921\/revisions"}],"wp:featuredmedia":[{"embeddable":true,"href":"https:\/\/www.europesays.com\/pl\/wp-json\/wp\/v2\/media\/9922"}],"wp:attachment":[{"href":"https:\/\/www.europesays.com\/pl\/wp-json\/wp\/v2\/media?parent=9921"}],"wp:term":[{"taxonomy":"category","embeddable":true,"href":"https:\/\/www.europesays.com\/pl\/wp-json\/wp\/v2\/categories?post=9921"},{"taxonomy":"post_tag","embeddable":true,"href":"https:\/\/www.europesays.com\/pl\/wp-json\/wp\/v2\/tags?post=9921"}],"curies":[{"name":"wp","href":"https:\/\/api.w.org\/{rel}","templated":true}]}}