{"id":99380,"date":"2025-11-13T14:21:09","date_gmt":"2025-11-13T14:21:09","guid":{"rendered":"https:\/\/www.europesays.com\/pl\/99380\/"},"modified":"2025-11-13T14:21:09","modified_gmt":"2025-11-13T14:21:09","slug":"68-latek-postrzelony-na-polowaniu-mysliwy-zabil-mysliwego-ministerka-z-apelem","status":"publish","type":"post","link":"https:\/\/www.europesays.com\/pl\/99380\/","title":{"rendered":"68-latek postrzelony na polowaniu. 'My\u015bliwy zabi\u0142 my\u015bliwego&#8217;. Ministerka z apelem"},"content":{"rendered":"<p>\u015amier\u0107 podczas polowania na Lubelszczy\u017anie\u00a0<\/p>\n<p class=\"art_paragraph\">We wtorek (11 listopada) p\u00f3\u017anym wieczorem w okolicy miejscowo\u015bci Milej\u00f3w w wojew\u00f3dztwie lubelskim dosz\u0142o do postrzelenia 68-letniego m\u0119\u017cczyzny. By\u0142 on w\u00f3wczas, razem ze swoim 50-letnim koleg\u0105, na polowaniu na dziki. Wed\u0142ug ustale\u0144 &#8222;Gazety Wyborczej&#8221; do zdarzenia dosz\u0142o na \u0142\u0105kach w rejonie Wieprza. Starszy z m\u0119\u017cczyzn mia\u0142 zosta\u0107 postrzelony w klatk\u0119 piersiow\u0105. 50-latek wezwa\u0142 pomoc. Jego ranny kolega zosta\u0142 przetransportowany do szpitala, gdzie, mimo wysi\u0142k\u00f3w lekarzy,\u00a0zmar\u0142. Policja zatrzyma\u0142a natomiast m\u0142odszego z my\u015bliwych. Dziennik poda\u0142, \u017ce 50-latek mia\u0142 t\u0142umaczy\u0107 \u015bledczym, \u017ce pomyli\u0142 koleg\u0119 z dzikiem.\u00a0<\/p>\n<p>Apel ministerki ws. my\u015bliwych<\/p>\n<p class=\"art_paragraph\">Paulina Hennig-Kloska opublikowa\u0142a w mediach spo\u0142eczno\u015bciowych wpis, w kt\u00f3rym odnios\u0142a si\u0119 zdarzenia na Lubelszczy\u017anie.\u00a0&#8222;Po raz kolejny my\u015bliwy zabi\u0142 my\u015bliwego w trakcie polowania \u2026 cz\u0142owiek zabi\u0142 cz\u0142owieka. To kolejny taki przypadek na Lubelszczy\u017anie w kr\u00f3tkim okresie czasu. Dlatego wczoraj zwr\u00f3ci\u0142am si\u0119 do \u0141owczego Krajowego o przed\u0142o\u017cenie propozycji zmian prawa, dzia\u0142a\u0144 prewencyjnych, by takim przypadkom zapobiega\u0107&#8221; &#8211; napisa\u0142a ministerka klimatu i \u015brodowiska.\u00a0Polityczka przypomnia\u0142a r\u00f3wnie\u017c, \u017ce w tym tygodniu Sejm zajmie si\u0119 poselskim projektem ustawy, kt\u00f3ra zak\u0142ada wprowadzenie cyklicznych bada\u0144 dla ka\u017cdego posiadacza broni. &#8222;Tak, ka\u017cdy kto dysponuje broni\u0105 powinien przechodzi\u0107 badania okresowe. To jedno z wa\u017cnych dzia\u0142a\u0144 prewencyjnych &#8211; podejmijmy w ko\u0144cu jako politycy t\u0119 odpowiedzialn\u0105 decyzj\u0119, by lepiej chroni\u0107 ludzkie \u017cycie!&#8221; &#8211; podkre\u015bli\u0142a.\u00a0<\/p>\n<p>        Zobacz wideo<\/p>\n<p>            Nawrocki odpowiada \u017burkowi w sprawie nominacji s\u0119dziowskich\n    <\/p>\n<p>Prezes\u00a0Naczelnej Rady \u0141owieckiej komentuje<\/p>\n<p class=\"art_paragraph\">G\u0142os w sprawie \u015bmierci 68-latka podczas polowania zabra\u0142 tak\u017ce prezes\u00a0Naczelnej Rady \u0141owieckiej. &#8211; Tragedia, do kt\u00f3rej nie powinno doj\u015b\u0107 &#8211; podsumowa\u0142 to zdarzenie. &#8211; Ze wst\u0119pnych ustale\u0144 wynika, \u017ce dosz\u0142o do z\u0142amania regulaminu polowa\u0144. Kolejny raz dosz\u0142o do z\u0142amania przepis\u00f3w prawa, kt\u00f3re zabezpieczaj\u0105 w stu procentach przed tragediami. Tragedia niepotrzebna, \u015bmier\u0107 cz\u0142owieka &#8211; jeste\u015bmy tym wstrz\u0105\u015bni\u0119ci &#8211; doda\u0142.\u00a0<\/p>\n<p class=\"art_paragraph\">Przeczytaj tak\u017ce:\u00a0<a href=\"https:\/\/wiadomosci.gazeta.pl\/polityka\/7,198012,32325964,dzieci-na-polowaniach-wiceprezeska-psl-staje-w-obronie-rodzicow.html\" class=\"art_link\" rel=\"dofollow noopener\" target=\"_blank\">Dzieci na polowaniach. Wiceprezeska PSL staje w obronie rodzic\u00f3w. &#8222;Powinni mie\u0107 prawo&#8221;<\/a><br \/>\u00a0<br \/>\u0179r\u00f3d\u0142a: x.com, TVN24, <a href=\"https:\/\/lublin.wyborcza.pl\/lublin\/7,48724,32393573,mysliwy-podczas-polowania-smiertelnie-postrzelil-mysliwego.html\" class=\"art_link\" rel=\"dofollow noopener\" target=\"_blank\">&#8222;Gazeta Wyborcza&#8221;<\/a><\/p>\n","protected":false},"excerpt":{"rendered":"\u015amier\u0107 podczas polowania na Lubelszczy\u017anie\u00a0 We wtorek (11 listopada) p\u00f3\u017anym wieczorem w okolicy miejscowo\u015bci Milej\u00f3w w wojew\u00f3dztwie lubelskim&hellip;\n","protected":false},"author":2,"featured_media":99381,"comment_status":"","ping_status":"","sticky":false,"template":"","format":"standard","meta":{"footnotes":""},"categories":[12],"tags":[32,33,36,37,27,34,35,28,31,25,42,38,40,39,41,29,30,26],"class_list":{"0":"post-99380","1":"post","2":"type-post","3":"status-publish","4":"format-standard","5":"has-post-thumbnail","7":"category-polska","8":"tag-breaking-news","9":"tag-breakingnews","10":"tag-featured-news","11":"tag-featurednews","12":"tag-headlines","13":"tag-latest-news","14":"tag-latestnews","15":"tag-naglowki","16":"tag-najwazniejsze-artykuly","17":"tag-news","18":"tag-pl","19":"tag-poland","20":"tag-polish","21":"tag-polska","22":"tag-polski","23":"tag-top-stories","24":"tag-topstories","25":"tag-wiadomosci"},"share_on_mastodon":{"url":"https:\/\/pubeurope.com\/@pl\/115542837478773811","error":""},"_links":{"self":[{"href":"https:\/\/www.europesays.com\/pl\/wp-json\/wp\/v2\/posts\/99380","targetHints":{"allow":["GET"]}}],"collection":[{"href":"https:\/\/www.europesays.com\/pl\/wp-json\/wp\/v2\/posts"}],"about":[{"href":"https:\/\/www.europesays.com\/pl\/wp-json\/wp\/v2\/types\/post"}],"author":[{"embeddable":true,"href":"https:\/\/www.europesays.com\/pl\/wp-json\/wp\/v2\/users\/2"}],"replies":[{"embeddable":true,"href":"https:\/\/www.europesays.com\/pl\/wp-json\/wp\/v2\/comments?post=99380"}],"version-history":[{"count":0,"href":"https:\/\/www.europesays.com\/pl\/wp-json\/wp\/v2\/posts\/99380\/revisions"}],"wp:featuredmedia":[{"embeddable":true,"href":"https:\/\/www.europesays.com\/pl\/wp-json\/wp\/v2\/media\/99381"}],"wp:attachment":[{"href":"https:\/\/www.europesays.com\/pl\/wp-json\/wp\/v2\/media?parent=99380"}],"wp:term":[{"taxonomy":"category","embeddable":true,"href":"https:\/\/www.europesays.com\/pl\/wp-json\/wp\/v2\/categories?post=99380"},{"taxonomy":"post_tag","embeddable":true,"href":"https:\/\/www.europesays.com\/pl\/wp-json\/wp\/v2\/tags?post=99380"}],"curies":[{"name":"wp","href":"https:\/\/api.w.org\/{rel}","templated":true}]}}