{"id":99408,"date":"2025-11-13T14:35:08","date_gmt":"2025-11-13T14:35:08","guid":{"rendered":"https:\/\/www.europesays.com\/pl\/99408\/"},"modified":"2025-11-13T14:35:08","modified_gmt":"2025-11-13T14:35:08","slug":"opozycja-chce-wyjasnien-czy-zurek-kontaktowal-sie-z-rubcowem","status":"publish","type":"post","link":"https:\/\/www.europesays.com\/pl\/99408\/","title":{"rendered":"Opozycja chce wyja\u015bnie\u0144, czy \u017burek kontaktowa\u0142 si\u0119 z Rubcowem"},"content":{"rendered":"\n<p>&#13;<br \/>\nW internecie kr\u0105\u017cy fragment wywiadu Waldemara \u017burka w\u00a0radiu TOK FM z\u00a02016\u00a0r., w\u00a0kt\u00f3rym jeszcze jako s\u0119dzia m\u00f3wi\u0142 o\u00a0rozmowie z\u00a0&#8222;hiszpa\u0144skim dziennikarzem&#8221;. Tak przedstawia\u0142 si\u0119 Pawe\u0142 Rubcow, oficer rosyjskiego wywiadu wojskowego GRU. &#13;\n<\/p>\n<p>&#13;<br \/>\nW sieci zacz\u0119\u0142y pojawia\u0107 si\u0119 spekulacje, czy\u00a0obecny minister sprawiedliwo\u015bci rzeczywi\u015bcie mia\u0142 kontakty z\u00a0rosyjskim szpiegiem. <a href=\"https:\/\/dorzeczy.pl\/kraj\/804264\/zurek-mowia-ze-mialem-kontakty-z-rubcowem-pudlo-panowie.html\" rel=\"nofollow noopener\" target=\"_blank\">Sam \u017burek zaprzeczy\u0142 w\u00a0mediach spo\u0142eczno\u015bciowych<\/a>, aby\u00a0to\u00a0Rubcow by\u0142 dziennikarzem, o\u00a0kt\u00f3rym wspomina\u0142 w\u00a0wywiadzie z\u00a0przesz\u0142o\u015bci. Zapytany jednak przez redaktora Telewizji Republika o\u00a0t\u0119 spraw\u0119, minister zareagowa\u0142 nerwowo i\u00a0zacz\u0105\u0142 niemal grozi\u0107 dziennikarzowi pozwem. &#13;\n<\/p>\n<p>Wo\u015b: Chcemy postawi\u0107 \u017burkowi kilka pyta\u0144<\/p>\n<p>&#13;<br \/>\nOpozycja domaga si\u0119 wyja\u015bnienia wszystkich okoliczno\u015bci sprawy. Micha\u0142 Wo\u015b z\u00a0Prawa i\u00a0Sprawiedliwo\u015bci oceni\u0142, \u017ce\u00a0powody gwa\u0142townej reakcja \u017burka na\u00a0pytanie o\u00a0rosyjskiego szpiega powinny zosta\u0107 zbadane. &#13;\n<\/p>\n<p>&#13;<br \/>\n\u2013 Kiedy dziennikarze zapytali ministra sprawiedliwo\u015bci, dok\u0142adnie wczoraj, o\u00a0tego wa\u017cnego hiszpa\u0144skiego dziennikarza, o\u00a0podanie nazwiska, to\u00a0si\u0119 okaza\u0142o, \u017ce\u00a0zobaczyli\u015bmy \u017burka trz\u0119s\u0105cego si\u0119 jak galareta, roztrz\u0119sionego, zdenerwowanego [&#8230;] wr\u0119cz gro\u017c\u0105cego pozwami dziennikarzom TV Republika czy\u00a0wPolsce24. Je\u017celi tak si\u0119 zachowuje minister sprawiedliwo\u015bci, to\u00a0rodzi bardzo powa\u017cne pytania [&#8230;] w\u00a0czasie wczorajszej konferencji nie\u00a0pad\u0142o twarde &#8222;nie&#8221; \u2013\u00a0stwierdzi\u0142 by\u0142y wiceminister sprawiedliwo\u015bci. &#13;\n<\/p>\n<p>&#13;<br \/>\nPolitycy PiS domagaj\u0105 si\u0119 od\u00a0ministra \u017burka wyja\u015bnienia kilku kwestii. Czy\u00a0kiedykolwiek kontaktowa\u0142 si\u0119 z\u00a0Rubocowem? I\u00a0kim by\u0142 hiszpa\u0144ski dziennikarz, o\u00a0kt\u00f3rym m\u00f3wi\u0142 w\u00a02016 roku. &#13;\n<\/p>\n<p>&#13;<br \/>\n\u2013 Ka\u017cdy prawnik widzi, \u017ce\u00a0co\u015b na\u00a0rzeczy jest (&#8230;) Niech publicznie Waldemar \u017burek potwierdzi albo zaprzeczy, czy\u00a0ten znany, wa\u017cny hiszpa\u0144ski dziennikarz w\u00a02016, kt\u00f3ry si\u0119 z\u00a0nim kontaktowa\u0142, to\u00a0by\u0142 Rubcow, czy\u00a0kto inny. Je\u015bli kto inny, niech poda konkretne nazwiska \u2013\u00a0powiedzia\u0142 Wo\u015b. &#13;\n<\/p>\n<p>&#13;<br \/>\nCzytaj te\u017c:<br \/><a href=\"https:\/\/dorzeczy.pl\/kraj\/805197\/minister-zurek-z-siekiera-padly-porownania-do-lukaszenki.html\" rel=\"follow nofollow noopener\" data-schema=\"DORZECZY\" data-image=\"https:\/\/img.dorzeczy.pl\/_thumb\/4b\/6c\/d970155c2487ea3144b9fae3343c.jpeg\" target=\"_blank\">Minister \u017burek z\u00a0siekier\u0105. &#8222;Jednak zwariowa\u0142&#8221;, &#8222;\u0141ukaszenko style&#8221;<\/a>Czytaj te\u017c:<br \/><a href=\"https:\/\/dorzeczy.pl\/opinie\/804786\/zurek-znal-rubcowa-romanowsi-zglasza-sprawe-do-prokuratury.html\" rel=\"follow nofollow noopener\" data-schema=\"DORZECZY\" data-image=\"https:\/\/img.dorzeczy.pl\/_thumb\/a2\/13\/9c21261b6197ef71f65274e9fac3.jpeg\" target=\"_blank\">Gor\u0105co wok\u00f3\u0142 \u017burka. &#8222;Skala powi\u0105za\u0144 zbyt powa\u017cna, by\u00a0j\u0105 ignorowa\u0107&#8221;<\/a>&#13;<\/p>\n","protected":false},"excerpt":{"rendered":"&#13; W internecie kr\u0105\u017cy fragment wywiadu Waldemara \u017burka w\u00a0radiu TOK FM z\u00a02016\u00a0r., w\u00a0kt\u00f3rym jeszcze jako s\u0119dzia m\u00f3wi\u0142 o\u00a0rozmowie&hellip;\n","protected":false},"author":2,"featured_media":99409,"comment_status":"","ping_status":"","sticky":false,"template":"","format":"standard","meta":{"footnotes":""},"categories":[12],"tags":[32,33,98,8060,36,37,27,49,34,35,601,1237,28,31,25,102,42,38,40,39,41,87,22493,10637,29,30,26,16386,2230],"class_list":{"0":"post-99408","1":"post","2":"type-post","3":"status-publish","4":"format-standard","5":"has-post-thumbnail","7":"category-polska","8":"tag-breaking-news","9":"tag-breakingnews","10":"tag-dorzeczy","11":"tag-dziennikarz","12":"tag-featured-news","13":"tag-featurednews","14":"tag-headlines","15":"tag-kraj","16":"tag-latest-news","17":"tag-latestnews","18":"tag-marcin-bugaj","19":"tag-minister","20":"tag-naglowki","21":"tag-najwazniejsze-artykuly","22":"tag-news","23":"tag-opinie","24":"tag-pl","25":"tag-poland","26":"tag-polish","27":"tag-polska","28":"tag-polski","29":"tag-rosja","30":"tag-rubcow","31":"tag-szpieg","32":"tag-top-stories","33":"tag-topstories","34":"tag-wiadomosci","35":"tag-wos","36":"tag-zurek"},"share_on_mastodon":{"url":"https:\/\/pubeurope.com\/@pl\/115542892547188156","error":""},"_links":{"self":[{"href":"https:\/\/www.europesays.com\/pl\/wp-json\/wp\/v2\/posts\/99408","targetHints":{"allow":["GET"]}}],"collection":[{"href":"https:\/\/www.europesays.com\/pl\/wp-json\/wp\/v2\/posts"}],"about":[{"href":"https:\/\/www.europesays.com\/pl\/wp-json\/wp\/v2\/types\/post"}],"author":[{"embeddable":true,"href":"https:\/\/www.europesays.com\/pl\/wp-json\/wp\/v2\/users\/2"}],"replies":[{"embeddable":true,"href":"https:\/\/www.europesays.com\/pl\/wp-json\/wp\/v2\/comments?post=99408"}],"version-history":[{"count":0,"href":"https:\/\/www.europesays.com\/pl\/wp-json\/wp\/v2\/posts\/99408\/revisions"}],"wp:featuredmedia":[{"embeddable":true,"href":"https:\/\/www.europesays.com\/pl\/wp-json\/wp\/v2\/media\/99409"}],"wp:attachment":[{"href":"https:\/\/www.europesays.com\/pl\/wp-json\/wp\/v2\/media?parent=99408"}],"wp:term":[{"taxonomy":"category","embeddable":true,"href":"https:\/\/www.europesays.com\/pl\/wp-json\/wp\/v2\/categories?post=99408"},{"taxonomy":"post_tag","embeddable":true,"href":"https:\/\/www.europesays.com\/pl\/wp-json\/wp\/v2\/tags?post=99408"}],"curies":[{"name":"wp","href":"https:\/\/api.w.org\/{rel}","templated":true}]}}