{"id":99410,"date":"2025-11-13T14:36:12","date_gmt":"2025-11-13T14:36:12","guid":{"rendered":"https:\/\/www.europesays.com\/pl\/99410\/"},"modified":"2025-11-13T14:36:12","modified_gmt":"2025-11-13T14:36:12","slug":"wypadek-katarzyny-stoparczyk-sledczy-mowia-co-dzieje-sie-z-kierowca","status":"publish","type":"post","link":"https:\/\/www.europesays.com\/pl\/99410\/","title":{"rendered":"Wypadek Katarzyny Stoparczyk. \u015aledczy m\u00f3wi\u0105, co dzieje si\u0119 z kierowc\u0105"},"content":{"rendered":"<p>5 wrze\u015bnia w\u00a0miejscowo\u015bci Je\u017cowe dosz\u0142o do wypadku z\u00a0udzia\u0142em dw\u00f3ch samochod\u00f3w &#8211;\u00a0czarnej skody octavii oraz bia\u0142ej skody scala. W\u00a0wyniku zderzenia zgin\u0119\u0142y dwie osoby. W\u015br\u00f3d ofiar by\u0142a Katarzyna Stoparczyk, znana dziennikarka i\u00a0prezenterka, kt\u00f3ra jecha\u0142a czarn\u0105 skod\u0105, oraz Jerzy Ch., elektryk, pasa\u017cer bia\u0142ego pojazdu. Wypadek prze\u017cyli kierowcy obu pojazd\u00f3w oraz jeden z\u00a0pasa\u017cer\u00f3w. <\/p>\n<p>Prokuratura nadal ustala, jakie by\u0142y okoliczno\u015bci zdarzenia. We wrze\u015bniu informowano, \u017ce kieruj\u0105cy czarn\u0105 skod\u0105 29-letni Rafa\u0142 S. zosta\u0142 przes\u0142uchany. Nie ujawniono jednak tre\u015bci jego wyja\u015bnie\u0144. Wiadomo, \u017ce nikt w\u00a0tej sprawie nie us\u0142ysza\u0142 zarzut\u00f3w. <\/p>\n<p>Niepokoj\u0105cy wypadek na\u00a0DK. Jej samoch\u00f3d zacz\u0105\u0142 si\u0119 pali\u0107 na\u00a0skrzy\u017cowaniu <\/p>\n<p>Wypadek Katarzyny Stoparczyk. Kierowca bia\u0142ej skody nadal w\u00a0szpitalu <\/p>\n<p>Po wypadku w\u00a0szpitalu nadal przebywa\u0142 kierowca bia\u0142ego auta &#8211;\u00a061-letni Witold K. Jak podaje &#8222;Fakt&#8221;, jego stan stopniowo si\u0119 poprawia, jednak wci\u0105\u017c \u015bledczy nie mog\u0105 wykona\u0107 z\u00a0nim czynno\u015bci.<\/p>\n<p>\u015aledczy czekaj\u0105 na analizy cz\u0105stkowe, kt\u00f3re pomog\u0105 w\u00a0ustaleniu okoliczno\u015bci wypadku. Prokurator Walkowicz wyrazi\u0142 nadziej\u0119, \u017ce do ko\u0144ca roku uda si\u0119 zebra\u0107 ca\u0142y materia\u0142 ws. zdarzenia i\u00a0przekaza\u0107 go bieg\u0142ym. <\/p>\n","protected":false},"excerpt":{"rendered":"5 wrze\u015bnia w\u00a0miejscowo\u015bci Je\u017cowe dosz\u0142o do wypadku z\u00a0udzia\u0142em dw\u00f3ch samochod\u00f3w &#8211;\u00a0czarnej skody octavii oraz bia\u0142ej skody scala. W\u00a0wyniku&hellip;\n","protected":false},"author":2,"featured_media":99411,"comment_status":"","ping_status":"","sticky":false,"template":"","format":"standard","meta":{"footnotes":""},"categories":[5],"tags":[32,33,36,37,27,34,35,28,31,25,42,38,40,39,41,29,30,26],"class_list":{"0":"post-99410","1":"post","2":"type-post","3":"status-publish","4":"format-standard","5":"has-post-thumbnail","7":"category-naglowki","8":"tag-breaking-news","9":"tag-breakingnews","10":"tag-featured-news","11":"tag-featurednews","12":"tag-headlines","13":"tag-latest-news","14":"tag-latestnews","15":"tag-naglowki","16":"tag-najwazniejsze-artykuly","17":"tag-news","18":"tag-pl","19":"tag-poland","20":"tag-polish","21":"tag-polska","22":"tag-polski","23":"tag-top-stories","24":"tag-topstories","25":"tag-wiadomosci"},"share_on_mastodon":{"url":"https:\/\/pubeurope.com\/@pl\/115542896406530774","error":""},"_links":{"self":[{"href":"https:\/\/www.europesays.com\/pl\/wp-json\/wp\/v2\/posts\/99410","targetHints":{"allow":["GET"]}}],"collection":[{"href":"https:\/\/www.europesays.com\/pl\/wp-json\/wp\/v2\/posts"}],"about":[{"href":"https:\/\/www.europesays.com\/pl\/wp-json\/wp\/v2\/types\/post"}],"author":[{"embeddable":true,"href":"https:\/\/www.europesays.com\/pl\/wp-json\/wp\/v2\/users\/2"}],"replies":[{"embeddable":true,"href":"https:\/\/www.europesays.com\/pl\/wp-json\/wp\/v2\/comments?post=99410"}],"version-history":[{"count":0,"href":"https:\/\/www.europesays.com\/pl\/wp-json\/wp\/v2\/posts\/99410\/revisions"}],"wp:featuredmedia":[{"embeddable":true,"href":"https:\/\/www.europesays.com\/pl\/wp-json\/wp\/v2\/media\/99411"}],"wp:attachment":[{"href":"https:\/\/www.europesays.com\/pl\/wp-json\/wp\/v2\/media?parent=99410"}],"wp:term":[{"taxonomy":"category","embeddable":true,"href":"https:\/\/www.europesays.com\/pl\/wp-json\/wp\/v2\/categories?post=99410"},{"taxonomy":"post_tag","embeddable":true,"href":"https:\/\/www.europesays.com\/pl\/wp-json\/wp\/v2\/tags?post=99410"}],"curies":[{"name":"wp","href":"https:\/\/api.w.org\/{rel}","templated":true}]}}