{"id":99444,"date":"2025-11-13T14:56:07","date_gmt":"2025-11-13T14:56:07","guid":{"rendered":"https:\/\/www.europesays.com\/pl\/99444\/"},"modified":"2025-11-13T14:56:07","modified_gmt":"2025-11-13T14:56:07","slug":"prokuratura-jest-wniosek-o-areszt-dla-zbigniewa-ziobry","status":"publish","type":"post","link":"https:\/\/www.europesays.com\/pl\/99444\/","title":{"rendered":"Prokuratura: jest wniosek o areszt dla Zbigniewa Ziobry"},"content":{"rendered":"<ul class=\"UnorderedList_container__nmfSl\">\n<li class=\"UnorderedList_listElement__Py7xi\" data-id=\"ai-summary-link\">Du\u017co czytania, a ma\u0142o czasu? Sprawd\u017a\u00a0skr\u00f3t\u00a0artyku\u0142u<\/li>\n<\/ul>\n<p class=\"Paragraph_desktopParagraph__U31Gm\">\u2014 Funkcjonariusze ABW ustalili, \u017ce podejrzany przebywa na W\u0119grzech, wi\u0119c nie uda\u0142o si\u0119 go zatrzyma\u0107. Prokurator wyst\u0105pi\u0142 dzi\u015b do s\u0105du o zastosowanie tymczasowego aresztowania na okres trzech miesi\u0119cy. Uzasadnia\u0142 istnienie przes\u0142anki og\u00f3lnej, czyli du\u017cego prawdopodobie\u0144stwa, \u017ce podejrzany pope\u0142ni\u0142 zarzucane mu przest\u0119pstwa \u2014 przekaza\u0142 w czwartek prokurator Przemys\u0142aw Nowak.<\/p>\n<p class=\"Paragraph_desktopParagraph__U31Gm\">\u2014 Zdaniem prokuratora zachodz\u0105 tak\u017ce przes\u0142anki szczeg\u00f3lne: trzy z czterech, kt\u00f3re polskie przepisy przewiduj\u0105: obaw\u0119 ukrycia si\u0119 lub ucieczki, obaw\u0119 matactwa i gro\u017ab\u0119 wymierzenia surowej kary. Najwa\u017cniejsz\u0105 przes\u0142ank\u0105 jest ta pierwsza. (&#8230;) Z dokumentacji wynika, \u017ce Zbigniew Z. [Ziobro] nie ma w Polsce sta\u0142ego miejsca zamieszkania \u2014 doda\u0142.<\/p>\n<p class=\"Paragraph_desktopParagraph__U31Gm\">\u2014 Zachodzi uzasadniona obawa, \u017ce Zbigniew Z. [Ziobro] nie stawi si\u0119 na przes\u0142uchanie prokuratora. (&#8230;). W\u0119gry nie s\u0105 jego miejscem zamieszkania. Ta obawa wynika z zachowania podejrzanego, nieobecno\u015bci w Sejmie podczas procedury uchylenia immunitetu, o\u015bwiadcze\u0144 medialnych, \u017ce w kraju stawi\u0107 si\u0119 nie zamierza \u2014 podkre\u015bli\u0142 prokurator.<\/p>\n<p class=\"Paragraph_desktopParagraph__U31Gm\">Prokurator stwierdzi\u0142 tak\u017ce \u017ce obawa matactwa zwi\u0105zana jest m.in. z wypowiedzi medialnych, w kt\u00f3rych &#8222;podejrzany grozi funkcjonariuszom policji, s\u0119dziom, prokuratorom, \u017ce b\u0119d\u0105 wobec nich wyci\u0105gane konsekwencje&#8221;. \u2014 To pokazuje jego sk\u0142onno\u015b\u0107 podejmowania dzia\u0142a\u0144 niemieszcz\u0105cych si\u0119 w granicach obrony \u2014 opisa\u0142.<\/p>\n<p class=\"Paragraph_desktopParagraph__U31Gm\">\u2014 Chcia\u0142bym si\u0119 tak\u017ce odnie\u015b\u0107 do przes\u0142anki negatywnej, czyli og\u00f3lnego stanu zdrowia podejrzanego. Prokurator nie b\u0119dzie kontynuowa\u0142 wniosk\u00f3w o tymczasowe aresztowanie, je\u017celi jakikolwiek materia\u0142 dowodowy wyka\u017ce, \u017ce zdrowie podejrzanego na to nie pozwala &#8211; powiedzia\u0142 prokurator. &#8211; Je\u017celi b\u0119dzie zachodzi\u0142o powa\u017cne niebezpiecze\u0144stwo dla zdrowia i \u017cycia, prokurator natychmiast odst\u0105pi od tymczasowego aresztowania. To musi wynika\u0107 z materia\u0142u dowodowego, a nie z o\u015bwiadcze\u0144 podejrzanego. Na razie wynika z materia\u0142\u00f3w, \u017ce stan podejrzanego jest dobry. (&#8230;) Pierwszym krokiem b\u0119dzie przebadanie przez lekarza. Je\u017celi lekarz stwierdzi, \u017ce nie mo\u017ce by\u0107 zatrzymany, natychmiast zostanie zwolniony &#8211; przekaza\u0142 prokurator.<\/p>\n<p class=\"VideoPlayerText_videoPlayerText__iDwyz\">Dalszy ci\u0105g materia\u0142u pod wideo<\/p>\n<ul class=\"OchatFollowUps_wrapper__1ry7X\">\n<li class=\"OchatFollowUps_item__Dhyly OchatFollowUps_itemDesktop__R6aBv\">Jakie zarzuty chce postawi\u0107 prokuratura Zbigniewowi Ziobrze?<\/li>\n<li class=\"OchatFollowUps_item__Dhyly OchatFollowUps_itemDesktop__R6aBv\">Gdzie obecnie przebywa Zbigniew Ziobro?<\/li>\n<li class=\"OchatFollowUps_item__Dhyly OchatFollowUps_itemDesktop__R6aBv\">Jakie dzia\u0142ania planuje Zbigniew Ziobro w zwi\u0105zku z przes\u0142uchaniem?<\/li>\n<li class=\"OchatFollowUps_item__Dhyly OchatFollowUps_itemDesktop__R6aBv\">Co si\u0119 stanie, je\u015bli stan zdrowia Zbigniewa Ziobry uniemo\u017cliwi jego aresztowanie?<\/li>\n<\/ul>\n<p class=\"Paragraph_desktopParagraph__U31Gm\">Obecnie Zbigniew Ziobro ma przebywa\u0107 na W\u0119grzech. Prokuratura planuje mu postawi\u0107 zarzuty w zwi\u0105zku z nieprawid\u0142owo\u015bciami dotycz\u0105cymi Funduszu Sprawiedliwo\u015bci. By\u0142y minister sprawiedliwo\u015bci za po\u015brednictwem swojego pe\u0142nomocnika <a href=\"https:\/\/wiadomosci.onet.pl\/swiat\/ziobro-ma-propozycje-dla-prokuratury-adwokat-polityka-zdradza-szczegoly\/4m3n4fv\" id=\"cb367c21-ee32-4cfa-9e5b-72e0824b8d7e\" rel=\"nofollow noopener\" target=\"_blank\">przekaza\u0142 \u015bledczym propozycj\u0119 udzia\u0142u w przes\u0142uchaniu &#8222;w drodze pomocy urz\u0119du konsularnego&#8221;<\/a>. Czynno\u015bci mia\u0142yby si\u0119 odby\u0107 w Budapeszcie lub w Brukseli.<\/p>\n<p class=\"Paragraph_desktopParagraph__U31Gm\">\u2014 W tej chwili wszystkiego o swoich zamierzeniach m\u00f3wi\u0107 nie b\u0119d\u0119. O tym, jakie b\u0119d\u0119 podejmowa\u0142 dzia\u0142ania, b\u0119d\u0119 informowa\u0142 w miar\u0119 up\u0142ywu czasu \u2014 <a href=\"https:\/\/wiadomosci.onet.pl\/kraj\/zbigniew-ziobro-zapytany-o-azyl-polityczny-na-wegrzech-nie-odpowiedzial-wprost\/s6hwcyt\" id=\"03b760f4-59a6-4b88-872b-48290cb279a4\" rel=\"nofollow noopener\" target=\"_blank\">o\u015bwiadczy\u0142 w sobot\u0119 w rozmowie z Radiem Maryja by\u0142y minister sprawiedliwo\u015bci<\/a>. Pose\u0142 PiS wyja\u015bni\u0142, \u017ce planuje &#8222;rozmaite dzia\u0142ania prawne i polityczne&#8221;.<\/p>\n<p class=\"Paragraph_desktopParagraph__U31Gm\">W \u015brod\u0119 by\u0142y minister stwierdzi\u0142 w rozmowie z Polsat News, \u017ce <a href=\"https:\/\/wiadomosci.onet.pl\/kraj\/ziobro-zaczal-mowic-o-podejrzeniu-korupcji-wobec-tuska-byl-obciazany\/rh2814n\" id=\"6d077155-96cd-476f-b7bd-fbbef7a6f69d\" rel=\"nofollow noopener\" target=\"_blank\">wobec Donalda Tuska i jego najbli\u017cszego otoczenia by\u0142y w przesz\u0142o\u015bci prowadzone post\u0119powania, kt\u00f3re mia\u0142y dotyczy\u0107 &#8222;podejrze\u0144 korupcyjnych i \u0142ap\u00f3wkarstwa na wielk\u0105 skal\u0119&#8221;, a opinia publiczna &#8222;nie wie o wszystkich sprawach&#8221;<\/a>. \u2014 My, w odr\u00f3\u017cnieniu od Donalda Tuska, nie wkraczali\u015bmy do jego domu i nie wywa\u017cali\u015bmy drzwi \u2014 opisa\u0142.<\/p>\n<p>Zbigniew Ziobro bez immunitetu <\/p>\n<p class=\"Paragraph_desktopParagraph__U31Gm\">W pi\u0105tek Zbigniew Ziobro <a href=\"https:\/\/wiadomosci.onet.pl\/kraj\/zbigniew-ziobro-bez-immunitetu-jest-reakcja-prokuratury\/pj7791s\" id=\"92a7094d-24b8-4a9a-86d6-c14ff8e8896e\" rel=\"nofollow noopener\" target=\"_blank\">decyzj\u0105 Sejmu straci\u0142 immunitet<\/a>. Tego samego dnia wieczorem prokuratura poinformowa\u0142a, \u017ce wyda\u0142a postanowienie o <a href=\"https:\/\/wiadomosci.onet.pl\/kraj\/zbigniew-ziobro-bez-immunitetu-jest-reakcja-prokuratury\/pj7791s\" id=\"0869b8fb-34e5-49f5-9565-55b533551112\" rel=\"nofollow noopener\" target=\"_blank\">przedstawieniu politykowi zarzut\u00f3w pope\u0142nienia 26 przest\u0119pstw<\/a> oraz postanowienie o jego zatrzymaniu i przymusowym doprowadzeniu do siedziby Prokuratury Krajowej.<\/p>\n<p class=\"Paragraph_desktopParagraph__U31Gm\"><a href=\"https:\/\/wiadomosci.onet.pl\/kraj\/zbigniew-ziobro-pozbawiony-immunitetu-fala-komentarzy\/6r0q2g8\" id=\"d19802bb-3bf9-4682-bbb8-fc844863bbbe\" rel=\"nofollow noopener\" target=\"_blank\">Decyzja w sprawie Ziobry by\u0142a szeroko komentowana w mediach<\/a>, m.in. przez lider\u00f3w dw\u00f3ch g\u0142\u00f3wnych ugrupowa\u0144. \u2014 To bardzo wa\u017cne, \u017ce Polacy zobaczyli, \u017ce rozliczenia staj\u0105 si\u0119 faktem \u2014 <a href=\"https:\/\/wiadomosci.onet.pl\/kraj\/donald-tusk-reaguje-po-glosowaniu-w-sejmie-nie-wysle-komandosow\/klmtzb9\" id=\"e42440b8-949d-4cbb-81ff-77a91b1444ce\" rel=\"nofollow noopener\" target=\"_blank\">o\u015bwiadczy\u0142 premier Donald Tusk<\/a>. \u2014 Mo\u017cna powiedzie\u0107, \u017ce to jest normalne. Ci, co reprezentuj\u0105 obce interesy, tacy powinni by\u0107 i tacy s\u0105, tego oczekuj\u0105 od nich mocodawcy \u2014 <a href=\"https:\/\/wiadomosci.onet.pl\/kraj\/zbigniew-ziobro-stracil-immunitet-prezes-pis-jaroslaw-kaczynski-reaguje\/9pq48xm\" id=\"1c85664b-0001-4b93-9fe8-47a8767051e7\" rel=\"nofollow noopener\" target=\"_blank\">stwierdzi\u0142 z kolei prezes PiS Jaros\u0142aw Kaczy\u0144ski<\/a>.<\/p>\n","protected":false},"excerpt":{"rendered":"Du\u017co czytania, a ma\u0142o czasu? Sprawd\u017a\u00a0skr\u00f3t\u00a0artyku\u0142u \u2014 Funkcjonariusze ABW ustalili, \u017ce podejrzany przebywa na W\u0119grzech, wi\u0119c nie uda\u0142o&hellip;\n","protected":false},"author":2,"featured_media":2440,"comment_status":"","ping_status":"","sticky":false,"template":"","format":"standard","meta":{"footnotes":""},"categories":[12],"tags":[32,33,36,37,27,67,34,35,28,31,53,25,52,68,51,55,42,38,40,39,41,349,47,29,30,65,50,26,4070],"class_list":{"0":"post-99444","1":"post","2":"type-post","3":"status-publish","4":"format-standard","5":"has-post-thumbnail","7":"category-polska","8":"tag-breaking-news","9":"tag-breakingnews","10":"tag-featured-news","11":"tag-featurednews","12":"tag-headlines","13":"tag-intextvideo_splayer","14":"tag-latest-news","15":"tag-latestnews","16":"tag-naglowki","17":"tag-najwazniejsze-artykuly","18":"tag-new_header","19":"tag-news","20":"tag-onet3","21":"tag-onet3d","22":"tag-onet3d_2i","23":"tag-phx","24":"tag-pl","25":"tag-poland","26":"tag-polish","27":"tag-polska","28":"tag-polski","29":"tag-prokuratura_prokurator_prokuratorzy","30":"tag-screening_general","31":"tag-top-stories","32":"tag-topstories","33":"tag-update_me","34":"tag-v2021","35":"tag-wiadomosci","36":"tag-zbigniew_ziobro_polityk"},"share_on_mastodon":{"url":"https:\/\/pubeurope.com\/@pl\/115542975121309465","error":""},"_links":{"self":[{"href":"https:\/\/www.europesays.com\/pl\/wp-json\/wp\/v2\/posts\/99444","targetHints":{"allow":["GET"]}}],"collection":[{"href":"https:\/\/www.europesays.com\/pl\/wp-json\/wp\/v2\/posts"}],"about":[{"href":"https:\/\/www.europesays.com\/pl\/wp-json\/wp\/v2\/types\/post"}],"author":[{"embeddable":true,"href":"https:\/\/www.europesays.com\/pl\/wp-json\/wp\/v2\/users\/2"}],"replies":[{"embeddable":true,"href":"https:\/\/www.europesays.com\/pl\/wp-json\/wp\/v2\/comments?post=99444"}],"version-history":[{"count":0,"href":"https:\/\/www.europesays.com\/pl\/wp-json\/wp\/v2\/posts\/99444\/revisions"}],"wp:featuredmedia":[{"embeddable":true,"href":"https:\/\/www.europesays.com\/pl\/wp-json\/wp\/v2\/media\/2440"}],"wp:attachment":[{"href":"https:\/\/www.europesays.com\/pl\/wp-json\/wp\/v2\/media?parent=99444"}],"wp:term":[{"taxonomy":"category","embeddable":true,"href":"https:\/\/www.europesays.com\/pl\/wp-json\/wp\/v2\/categories?post=99444"},{"taxonomy":"post_tag","embeddable":true,"href":"https:\/\/www.europesays.com\/pl\/wp-json\/wp\/v2\/tags?post=99444"}],"curies":[{"name":"wp","href":"https:\/\/api.w.org\/{rel}","templated":true}]}}