{"id":99850,"date":"2025-11-13T18:48:07","date_gmt":"2025-11-13T18:48:07","guid":{"rendered":"https:\/\/www.europesays.com\/pl\/99850\/"},"modified":"2025-11-13T18:48:07","modified_gmt":"2025-11-13T18:48:07","slug":"polacy-coraz-czesciej-pobieraja-emerytury-z-norwegii-liczby-robia-wrazenie","status":"publish","type":"post","link":"https:\/\/www.europesays.com\/pl\/99850\/","title":{"rendered":"Polacy coraz cz\u0119\u015bciej pobieraj\u0105 emerytury z Norwegii. Liczby robi\u0105 wra\u017cenie"},"content":{"rendered":"<p data-section=\"detail-body\">Norweska agencja NAV, odpowiedzialna za wyp\u0142at\u0119 \u015bwiadcze\u0144 socjalnych, odnotowuje, \u017ce najwi\u0119cej emerytur trafia do Szwecji i Danii. Polska, kt\u00f3ra przez lata znajdowa\u0142a si\u0119 za Stanami Zjednoczonymi, mo\u017ce wkr\u00f3tce wyprzedzi\u0107 ten kraj w zestawieniu.<\/p>\n<p class=\"article_p\" data-section=\"detail-body\">Czytaj te\u017c: <a href=\"https:\/\/businessinsider.com.pl\/wiadomosci\/norwegia-generalowie-ostrzegaja-przed-rosyjska-agresja-na-polwysep-kolski\/hl4lte4\" id=\"7f4a7099-b189-4766-b553-3f2a6811565c\" rel=\"nofollow noopener\" target=\"_blank\">Norwegia na celowniku Putina? Genera\u0142owie ostrzegaj\u0105 przed mo\u017cliwym atakiem<\/a><\/p>\n<p>        Polacy pobieraj\u0105cy norweskie emerytury. 17-krotny wzrost<\/p>\n<p class=\"article_p\" data-section=\"detail-body\">Od 2015 do 2025 r. liczba os\u00f3b pobieraj\u0105cych norweskie emerytury, a mieszkaj\u0105cych na sta\u0142e w Polsce, wzros\u0142a a\u017c 17-krotnie. Jak podkre\u015blono w raporcie, wi\u0119kszo\u015b\u0107 z nich to m\u0119\u017cczy\u017ani, kt\u00f3rzy pracowali w Norwegii w bran\u017cy budowlanej, cz\u0119sto jako pracownicy sezonowi lub w systemie rotacyjnym. To w\u0142a\u015bnie pierwsza fala polskich imigrant\u00f3w zarobkowych uzyska\u0142a ju\u017c uprawnienia emerytalne.<\/p>\n<p class=\"article_p\" data-section=\"detail-body\">Ekspert NAV Ole Christian Lien zauwa\u017cy\u0142, \u017ce sektor budowlany w Norwegii jest zdominowany przez pracownik\u00f3w z Polski. Jak doda\u0142, wielu z nich, przechodz\u0105c na emerytur\u0119, decyduje si\u0119 na powr\u00f3t do ojczyzny, gdzie maj\u0105 swoje korzenie.<\/p>\n<p>            Czytaj tak\u017ce w BUSINESS INSIDER<\/p>\n<p class=\"article_p\" data-section=\"detail-body\">W ci\u0105gu ostatnich 10 lat NAV zauwa\u017cy\u0142 tak\u017ce znaczny wzrost liczby os\u00f3b z Litwy i S\u0142owacji pobieraj\u0105cych norweskie emerytury.<\/p>\n<p class=\"article_p\" data-section=\"detail-body\">Czytaj te\u017c: <a href=\"https:\/\/businessinsider.com.pl\/wiadomosci\/norweskie-f-35-w-polsce-szef-mon-komentuje\/zbvmvvv\" id=\"3aac06f9-6b8e-4fbc-ae07-78c541b130b1\" rel=\"nofollow noopener\" target=\"_blank\">Norwegia wesprze Polsk\u0119. Nowoczesne my\u015bliwce ju\u017c w Krzesinach<\/a><\/p>\n<p>        Norweskie emerytury. Ile wynosz\u0105?<\/p>\n<p class=\"article_p\" data-section=\"detail-body\">\u015arednia wysoko\u015b\u0107 norweskiej emerytury to oko\u0142o 220 tys. koron rocznie, co daje oko\u0142o 80 tys. z\u0142otych brutto. Kwota ta zale\u017cy od sta\u017cu pracy, wysoko\u015bci wynagrodzenia oraz bran\u017cy, w kt\u00f3rej zatrudniony by\u0142 emeryt. Minimalne \u015bwiadczenie, gwarantowane przez pa\u0144stwo po przepracowaniu co najmniej pi\u0119ciu lat, wynosi 160 tys. koron rocznie, czyli oko\u0142o 58 tys. z\u0142otych.<\/p>\n","protected":false},"excerpt":{"rendered":"Norweska agencja NAV, odpowiedzialna za wyp\u0142at\u0119 \u015bwiadcze\u0144 socjalnych, odnotowuje, \u017ce najwi\u0119cej emerytur trafia do Szwecji i Danii. Polska,&hellip;\n","protected":false},"author":2,"featured_media":99851,"comment_status":"","ping_status":"","sticky":false,"template":"","format":"standard","meta":{"footnotes":""},"categories":[14],"tags":[32,33,27,34,35,28,31,25,40,41,80,29,30,26,82,83,84],"class_list":{"0":"post-99850","1":"post","2":"type-post","3":"status-publish","4":"format-standard","5":"has-post-thumbnail","7":"category-swiat","8":"tag-breaking-news","9":"tag-breakingnews","10":"tag-headlines","11":"tag-latest-news","12":"tag-latestnews","13":"tag-naglowki","14":"tag-najwazniejsze-artykuly","15":"tag-news","16":"tag-polish","17":"tag-polski","18":"tag-swiat","19":"tag-top-stories","20":"tag-topstories","21":"tag-wiadomosci","22":"tag-world","23":"tag-world-news","24":"tag-worldnews"},"share_on_mastodon":{"url":"https:\/\/pubeurope.com\/@pl\/115543887385061408","error":""},"_links":{"self":[{"href":"https:\/\/www.europesays.com\/pl\/wp-json\/wp\/v2\/posts\/99850","targetHints":{"allow":["GET"]}}],"collection":[{"href":"https:\/\/www.europesays.com\/pl\/wp-json\/wp\/v2\/posts"}],"about":[{"href":"https:\/\/www.europesays.com\/pl\/wp-json\/wp\/v2\/types\/post"}],"author":[{"embeddable":true,"href":"https:\/\/www.europesays.com\/pl\/wp-json\/wp\/v2\/users\/2"}],"replies":[{"embeddable":true,"href":"https:\/\/www.europesays.com\/pl\/wp-json\/wp\/v2\/comments?post=99850"}],"version-history":[{"count":0,"href":"https:\/\/www.europesays.com\/pl\/wp-json\/wp\/v2\/posts\/99850\/revisions"}],"wp:featuredmedia":[{"embeddable":true,"href":"https:\/\/www.europesays.com\/pl\/wp-json\/wp\/v2\/media\/99851"}],"wp:attachment":[{"href":"https:\/\/www.europesays.com\/pl\/wp-json\/wp\/v2\/media?parent=99850"}],"wp:term":[{"taxonomy":"category","embeddable":true,"href":"https:\/\/www.europesays.com\/pl\/wp-json\/wp\/v2\/categories?post=99850"},{"taxonomy":"post_tag","embeddable":true,"href":"https:\/\/www.europesays.com\/pl\/wp-json\/wp\/v2\/tags?post=99850"}],"curies":[{"name":"wp","href":"https:\/\/api.w.org\/{rel}","templated":true}]}}