{"id":12988,"count":3,"description":"","link":"https:\/\/www.europesays.com\/pl\/tag\/urzad-marszalkowski-wojewodztwa-lubelskiego\/","name":"Urz\u0105d Marsza\u0142kowski Wojew\u00f3dztwa Lubelskiego","slug":"urzad-marszalkowski-wojewodztwa-lubelskiego","taxonomy":"post_tag","meta":[],"_links":{"self":[{"href":"https:\/\/www.europesays.com\/pl\/wp-json\/wp\/v2\/tags\/12988","targetHints":{"allow":["GET"]}}],"collection":[{"href":"https:\/\/www.europesays.com\/pl\/wp-json\/wp\/v2\/tags"}],"about":[{"href":"https:\/\/www.europesays.com\/pl\/wp-json\/wp\/v2\/taxonomies\/post_tag"}],"wp:post_type":[{"href":"https:\/\/www.europesays.com\/pl\/wp-json\/wp\/v2\/posts?tags=12988"}],"curies":[{"name":"wp","href":"https:\/\/api.w.org\/{rel}","templated":true}]}}