{"id":13151,"count":0,"description":"","link":"https:\/\/www.europesays.com\/pl\/tag\/sokol-orleta-reda-reda-rekowo-dolne-nsr-polskapilka-tiktokfootball-spadek\/","name":"sok\u00f3\u0142 orl\u0119ta reda reda-rekowo dolne nsr polskapi\u0142ka tiktokfootball spadek","slug":"sokol-orleta-reda-reda-rekowo-dolne-nsr-polskapilka-tiktokfootball-spadek","taxonomy":"post_tag","meta":[],"_links":{"self":[{"href":"https:\/\/www.europesays.com\/pl\/wp-json\/wp\/v2\/tags\/13151","targetHints":{"allow":["GET"]}}],"collection":[{"href":"https:\/\/www.europesays.com\/pl\/wp-json\/wp\/v2\/tags"}],"about":[{"href":"https:\/\/www.europesays.com\/pl\/wp-json\/wp\/v2\/taxonomies\/post_tag"}],"wp:post_type":[{"href":"https:\/\/www.europesays.com\/pl\/wp-json\/wp\/v2\/posts?tags=13151"}],"curies":[{"name":"wp","href":"https:\/\/api.w.org\/{rel}","templated":true}]}}