{"id":17447,"count":1,"description":"","link":"https:\/\/www.europesays.com\/pl\/tag\/urzad-marszalkowski-wojewodztwa-warminsko-mazurskiego\/","name":"Urz\u0105d marsza\u0142kowski wojew\u00f3dztwa warmi\u0144sko-mazurskiego","slug":"urzad-marszalkowski-wojewodztwa-warminsko-mazurskiego","taxonomy":"post_tag","meta":[],"_links":{"self":[{"href":"https:\/\/www.europesays.com\/pl\/wp-json\/wp\/v2\/tags\/17447","targetHints":{"allow":["GET"]}}],"collection":[{"href":"https:\/\/www.europesays.com\/pl\/wp-json\/wp\/v2\/tags"}],"about":[{"href":"https:\/\/www.europesays.com\/pl\/wp-json\/wp\/v2\/taxonomies\/post_tag"}],"wp:post_type":[{"href":"https:\/\/www.europesays.com\/pl\/wp-json\/wp\/v2\/posts?tags=17447"}],"curies":[{"name":"wp","href":"https:\/\/api.w.org\/{rel}","templated":true}]}}