{"id":17539,"count":1,"description":"","link":"https:\/\/www.europesays.com\/pl\/tag\/ktore-juz-za-kilka-miesiecy-bedzie-pie\/","name":"kt\u00f3re ju\u017c za kilka miesi\u0119cy b\u0119dzie Pie","slug":"ktore-juz-za-kilka-miesiecy-bedzie-pie","taxonomy":"post_tag","meta":[],"_links":{"self":[{"href":"https:\/\/www.europesays.com\/pl\/wp-json\/wp\/v2\/tags\/17539","targetHints":{"allow":["GET"]}}],"collection":[{"href":"https:\/\/www.europesays.com\/pl\/wp-json\/wp\/v2\/tags"}],"about":[{"href":"https:\/\/www.europesays.com\/pl\/wp-json\/wp\/v2\/taxonomies\/post_tag"}],"wp:post_type":[{"href":"https:\/\/www.europesays.com\/pl\/wp-json\/wp\/v2\/posts?tags=17539"}],"curies":[{"name":"wp","href":"https:\/\/api.w.org\/{rel}","templated":true}]}}