{"id":20443,"count":1,"description":"","link":"https:\/\/www.europesays.com\/pl\/tag\/bez-mediow-spolecznosciowych-ani-rusz-a-kim-jest-potus\/","name":"Bez medi\u00f3w spo\u0142eczno\u015bciowych ani rusz? A kim jest POTUS?","slug":"bez-mediow-spolecznosciowych-ani-rusz-a-kim-jest-potus","taxonomy":"post_tag","meta":[],"_links":{"self":[{"href":"https:\/\/www.europesays.com\/pl\/wp-json\/wp\/v2\/tags\/20443","targetHints":{"allow":["GET"]}}],"collection":[{"href":"https:\/\/www.europesays.com\/pl\/wp-json\/wp\/v2\/tags"}],"about":[{"href":"https:\/\/www.europesays.com\/pl\/wp-json\/wp\/v2\/taxonomies\/post_tag"}],"wp:post_type":[{"href":"https:\/\/www.europesays.com\/pl\/wp-json\/wp\/v2\/posts?tags=20443"}],"curies":[{"name":"wp","href":"https:\/\/api.w.org\/{rel}","templated":true}]}}