{"id":21609,"count":1,"description":"","link":"https:\/\/www.europesays.com\/pl\/tag\/pkp-plk-odebraly-projekt-rewitalizacji-22-kilometrowego-odcinka-linii-kolejowej-z-bielska-bialej-do-skoczowa-poczatkiem-roku-nieczynna-linia-kolejowa-zostanie-oczyszczona-z-roslinnosci\/","name":"PKP PLK odebra\u0142y\u00a0projekt rewitalizacji 22-kilometrowego odcinka linii kolejowej z Bielska-Bia\u0142ej do Skoczowa. Pocz\u0105tkiem roku nieczynna linia kolejowa zostanie oczyszczona z ro\u015blinno\u015bci","slug":"pkp-plk-odebraly-projekt-rewitalizacji-22-kilometrowego-odcinka-linii-kolejowej-z-bielska-bialej-do-skoczowa-poczatkiem-roku-nieczynna-linia-kolejowa-zostanie-oczyszczona-z-roslinnosci","taxonomy":"post_tag","meta":[],"_links":{"self":[{"href":"https:\/\/www.europesays.com\/pl\/wp-json\/wp\/v2\/tags\/21609","targetHints":{"allow":["GET"]}}],"collection":[{"href":"https:\/\/www.europesays.com\/pl\/wp-json\/wp\/v2\/tags"}],"about":[{"href":"https:\/\/www.europesays.com\/pl\/wp-json\/wp\/v2\/taxonomies\/post_tag"}],"wp:post_type":[{"href":"https:\/\/www.europesays.com\/pl\/wp-json\/wp\/v2\/posts?tags=21609"}],"curies":[{"name":"wp","href":"https:\/\/api.w.org\/{rel}","templated":true}]}}