{"id":23076,"count":1,"description":"","link":"https:\/\/www.europesays.com\/pl\/tag\/ponad-dwiescie-osob-modlilo-sie\/","name":"Ponad dwie\u015bcie os\u00f3b modli\u0142o si\u0119","slug":"ponad-dwiescie-osob-modlilo-sie","taxonomy":"post_tag","meta":[],"_links":{"self":[{"href":"https:\/\/www.europesays.com\/pl\/wp-json\/wp\/v2\/tags\/23076","targetHints":{"allow":["GET"]}}],"collection":[{"href":"https:\/\/www.europesays.com\/pl\/wp-json\/wp\/v2\/tags"}],"about":[{"href":"https:\/\/www.europesays.com\/pl\/wp-json\/wp\/v2\/taxonomies\/post_tag"}],"wp:post_type":[{"href":"https:\/\/www.europesays.com\/pl\/wp-json\/wp\/v2\/posts?tags=23076"}],"curies":[{"name":"wp","href":"https:\/\/api.w.org\/{rel}","templated":true}]}}