{"id":23554,"count":1,"description":"","link":"https:\/\/www.europesays.com\/pl\/tag\/anestezjolog-i-ginekolog-pracujacy-w-centrum-medycznym-eskulap-w-bielsku-bialej-uslyszeli-zarzuty-w-zwiazku-ze-smiercia-39-letniej-kobiety\/","name":"Anestezjolog i ginekolog pracuj\u0105cy w Centrum Medycznym Eskulap w Bielsku-Bia\u0142ej us\u0142yszeli zarzuty w zwi\u0105zku ze \u015bmierci\u0105 39-letniej kobiety","slug":"anestezjolog-i-ginekolog-pracujacy-w-centrum-medycznym-eskulap-w-bielsku-bialej-uslyszeli-zarzuty-w-zwiazku-ze-smiercia-39-letniej-kobiety","taxonomy":"post_tag","meta":[],"_links":{"self":[{"href":"https:\/\/www.europesays.com\/pl\/wp-json\/wp\/v2\/tags\/23554","targetHints":{"allow":["GET"]}}],"collection":[{"href":"https:\/\/www.europesays.com\/pl\/wp-json\/wp\/v2\/tags"}],"about":[{"href":"https:\/\/www.europesays.com\/pl\/wp-json\/wp\/v2\/taxonomies\/post_tag"}],"wp:post_type":[{"href":"https:\/\/www.europesays.com\/pl\/wp-json\/wp\/v2\/posts?tags=23554"}],"curies":[{"name":"wp","href":"https:\/\/api.w.org\/{rel}","templated":true}]}}