{"id":23728,"count":5,"description":"","link":"https:\/\/www.europesays.com\/pl\/tag\/choczewo-i-zarnowiec-na-krotkiej-liscie\/","name":"choczewo i \u017barnowiec na kr\u00f3tkiej li\u015bcie","slug":"choczewo-i-zarnowiec-na-krotkiej-liscie","taxonomy":"post_tag","meta":[],"_links":{"self":[{"href":"https:\/\/www.europesays.com\/pl\/wp-json\/wp\/v2\/tags\/23728","targetHints":{"allow":["GET"]}}],"collection":[{"href":"https:\/\/www.europesays.com\/pl\/wp-json\/wp\/v2\/tags"}],"about":[{"href":"https:\/\/www.europesays.com\/pl\/wp-json\/wp\/v2\/taxonomies\/post_tag"}],"wp:post_type":[{"href":"https:\/\/www.europesays.com\/pl\/wp-json\/wp\/v2\/posts?tags=23728"}],"curies":[{"name":"wp","href":"https:\/\/api.w.org\/{rel}","templated":true}]}}