{"id":24099,"count":3,"description":"","link":"https:\/\/www.europesays.com\/pl\/tag\/zakladowy-fundusz-swiadczen-socjalnych\/","name":"Zak\u0142adowy Fundusz \u015awiadcze\u0144 Socjalnych","slug":"zakladowy-fundusz-swiadczen-socjalnych","taxonomy":"post_tag","meta":[],"_links":{"self":[{"href":"https:\/\/www.europesays.com\/pl\/wp-json\/wp\/v2\/tags\/24099","targetHints":{"allow":["GET"]}}],"collection":[{"href":"https:\/\/www.europesays.com\/pl\/wp-json\/wp\/v2\/tags"}],"about":[{"href":"https:\/\/www.europesays.com\/pl\/wp-json\/wp\/v2\/taxonomies\/post_tag"}],"wp:post_type":[{"href":"https:\/\/www.europesays.com\/pl\/wp-json\/wp\/v2\/posts?tags=24099"}],"curies":[{"name":"wp","href":"https:\/\/api.w.org\/{rel}","templated":true}]}}