{"id":25016,"count":1,"description":"","link":"https:\/\/www.europesays.com\/pl\/tag\/wypadek-plaskowickiej-ursynow-zdjecia\/","name":"wypadek P\u0142askowickiej Ursyn\u00f3w zdj\u0119cia","slug":"wypadek-plaskowickiej-ursynow-zdjecia","taxonomy":"post_tag","meta":[],"_links":{"self":[{"href":"https:\/\/www.europesays.com\/pl\/wp-json\/wp\/v2\/tags\/25016","targetHints":{"allow":["GET"]}}],"collection":[{"href":"https:\/\/www.europesays.com\/pl\/wp-json\/wp\/v2\/tags"}],"about":[{"href":"https:\/\/www.europesays.com\/pl\/wp-json\/wp\/v2\/taxonomies\/post_tag"}],"wp:post_type":[{"href":"https:\/\/www.europesays.com\/pl\/wp-json\/wp\/v2\/posts?tags=25016"}],"curies":[{"name":"wp","href":"https:\/\/api.w.org\/{rel}","templated":true}]}}