{"id":28944,"count":1,"description":"","link":"https:\/\/www.europesays.com\/pl\/tag\/dzis-przed-poludniem-lokalnie-dzialacze-konfederacji-spotkali-sie-z-dziennikarzami-przed-szpitalem-wojewodzkim-w-bielsku-bialej\/","name":"Dzi\u015b przed po\u0142udniem lokalnie dzia\u0142acze Konfederacji spotkali si\u0119 z dziennikarzami przed Szpitalem Wojew\u00f3dzkim w Bielsku-Bia\u0142ej","slug":"dzis-przed-poludniem-lokalnie-dzialacze-konfederacji-spotkali-sie-z-dziennikarzami-przed-szpitalem-wojewodzkim-w-bielsku-bialej","taxonomy":"post_tag","meta":[],"_links":{"self":[{"href":"https:\/\/www.europesays.com\/pl\/wp-json\/wp\/v2\/tags\/28944","targetHints":{"allow":["GET"]}}],"collection":[{"href":"https:\/\/www.europesays.com\/pl\/wp-json\/wp\/v2\/tags"}],"about":[{"href":"https:\/\/www.europesays.com\/pl\/wp-json\/wp\/v2\/taxonomies\/post_tag"}],"wp:post_type":[{"href":"https:\/\/www.europesays.com\/pl\/wp-json\/wp\/v2\/posts?tags=28944"}],"curies":[{"name":"wp","href":"https:\/\/api.w.org\/{rel}","templated":true}]}}