{"id":29022,"count":1,"description":"","link":"https:\/\/www.europesays.com\/pl\/tag\/amazon-wyprzedaz-swiateczna\/","name":"amazon wyprzeda\u017c \u015bwi\u0105teczna","slug":"amazon-wyprzedaz-swiateczna","taxonomy":"post_tag","meta":[],"_links":{"self":[{"href":"https:\/\/www.europesays.com\/pl\/wp-json\/wp\/v2\/tags\/29022","targetHints":{"allow":["GET"]}}],"collection":[{"href":"https:\/\/www.europesays.com\/pl\/wp-json\/wp\/v2\/tags"}],"about":[{"href":"https:\/\/www.europesays.com\/pl\/wp-json\/wp\/v2\/taxonomies\/post_tag"}],"wp:post_type":[{"href":"https:\/\/www.europesays.com\/pl\/wp-json\/wp\/v2\/posts?tags=29022"}],"curies":[{"name":"wp","href":"https:\/\/api.w.org\/{rel}","templated":true}]}}