{"id":29557,"count":1,"description":"","link":"https:\/\/www.europesays.com\/pl\/tag\/keywordurzednik-ministerstwo-sprawiedliwosc\/","name":"{keyword:urz\u0119dnik ministerstwo sprawiedliwo\u015b\u0107","slug":"keywordurzednik-ministerstwo-sprawiedliwosc","taxonomy":"post_tag","meta":[],"_links":{"self":[{"href":"https:\/\/www.europesays.com\/pl\/wp-json\/wp\/v2\/tags\/29557","targetHints":{"allow":["GET"]}}],"collection":[{"href":"https:\/\/www.europesays.com\/pl\/wp-json\/wp\/v2\/tags"}],"about":[{"href":"https:\/\/www.europesays.com\/pl\/wp-json\/wp\/v2\/taxonomies\/post_tag"}],"wp:post_type":[{"href":"https:\/\/www.europesays.com\/pl\/wp-json\/wp\/v2\/posts?tags=29557"}],"curies":[{"name":"wp","href":"https:\/\/api.w.org\/{rel}","templated":true}]}}