{"id":29628,"count":1,"description":"","link":"https:\/\/www.europesays.com\/pl\/tag\/keywordmiesiac-pozbawic-wolnosc\/","name":"{keyword:miesi\u0105c pozbawi\u0107 wolno\u015b\u0107","slug":"keywordmiesiac-pozbawic-wolnosc","taxonomy":"post_tag","meta":[],"_links":{"self":[{"href":"https:\/\/www.europesays.com\/pl\/wp-json\/wp\/v2\/tags\/29628","targetHints":{"allow":["GET"]}}],"collection":[{"href":"https:\/\/www.europesays.com\/pl\/wp-json\/wp\/v2\/tags"}],"about":[{"href":"https:\/\/www.europesays.com\/pl\/wp-json\/wp\/v2\/taxonomies\/post_tag"}],"wp:post_type":[{"href":"https:\/\/www.europesays.com\/pl\/wp-json\/wp\/v2\/posts?tags=29628"}],"curies":[{"name":"wp","href":"https:\/\/api.w.org\/{rel}","templated":true}]}}