{"id":29631,"count":1,"description":"","link":"https:\/\/www.europesays.com\/pl\/tag\/keywordprokuratura-pociagniecie-odpowiedzialnosc\/","name":"{keyword:prokuratura poci\u0105gni\u0119cie odpowiedzialno\u015b\u0107","slug":"keywordprokuratura-pociagniecie-odpowiedzialnosc","taxonomy":"post_tag","meta":[],"_links":{"self":[{"href":"https:\/\/www.europesays.com\/pl\/wp-json\/wp\/v2\/tags\/29631","targetHints":{"allow":["GET"]}}],"collection":[{"href":"https:\/\/www.europesays.com\/pl\/wp-json\/wp\/v2\/tags"}],"about":[{"href":"https:\/\/www.europesays.com\/pl\/wp-json\/wp\/v2\/taxonomies\/post_tag"}],"wp:post_type":[{"href":"https:\/\/www.europesays.com\/pl\/wp-json\/wp\/v2\/posts?tags=29631"}],"curies":[{"name":"wp","href":"https:\/\/api.w.org\/{rel}","templated":true}]}}