{"id":30150,"count":1,"description":"","link":"https:\/\/www.europesays.com\/pl\/tag\/a-wraz-z-nim-swieta-na-starowce-na-dwa-tygodnie-przed-bozym-narodzeniem-uliczki-bielska-bialej-zachwycaja-swiatecznymi-dekoracjami-ceny-na-stoiskach-gastronomicznych-podobne-jak-rok-temu\/","name":"a wraz z nim \u015awi\u0119ta na Star\u00f3wce. Na dwa tygodnie przed Bo\u017cym Narodzeniem uliczki Bielska-Bia\u0142ej zachwycaj\u0105 \u015bwi\u0105tecznymi dekoracjami. Ceny na stoiskach gastronomicznych podobne jak rok temu.","slug":"a-wraz-z-nim-swieta-na-starowce-na-dwa-tygodnie-przed-bozym-narodzeniem-uliczki-bielska-bialej-zachwycaja-swiatecznymi-dekoracjami-ceny-na-stoiskach-gastronomicznych-podobne-jak-rok-temu","taxonomy":"post_tag","meta":[],"_links":{"self":[{"href":"https:\/\/www.europesays.com\/pl\/wp-json\/wp\/v2\/tags\/30150","targetHints":{"allow":["GET"]}}],"collection":[{"href":"https:\/\/www.europesays.com\/pl\/wp-json\/wp\/v2\/tags"}],"about":[{"href":"https:\/\/www.europesays.com\/pl\/wp-json\/wp\/v2\/taxonomies\/post_tag"}],"wp:post_type":[{"href":"https:\/\/www.europesays.com\/pl\/wp-json\/wp\/v2\/posts?tags=30150"}],"curies":[{"name":"wp","href":"https:\/\/api.w.org\/{rel}","templated":true}]}}