{"id":3044,"count":1,"description":"","link":"https:\/\/www.europesays.com\/pl\/tag\/hala-im-mieczyslawa-lopatki-w-gnieznie\/","name":"Hala im. Mieczys\u0142awa \u0141opatki w Gnie\u017anie","slug":"hala-im-mieczyslawa-lopatki-w-gnieznie","taxonomy":"post_tag","meta":[],"_links":{"self":[{"href":"https:\/\/www.europesays.com\/pl\/wp-json\/wp\/v2\/tags\/3044","targetHints":{"allow":["GET"]}}],"collection":[{"href":"https:\/\/www.europesays.com\/pl\/wp-json\/wp\/v2\/tags"}],"about":[{"href":"https:\/\/www.europesays.com\/pl\/wp-json\/wp\/v2\/taxonomies\/post_tag"}],"wp:post_type":[{"href":"https:\/\/www.europesays.com\/pl\/wp-json\/wp\/v2\/posts?tags=3044"}],"curies":[{"name":"wp","href":"https:\/\/api.w.org\/{rel}","templated":true}]}}