{"id":31202,"count":1,"description":"","link":"https:\/\/www.europesays.com\/pl\/tag\/keywordrok-rzad-prawo-sprawiedliwosc-narzedzie\/","name":"{keyword:rok rz\u0105d prawo sprawiedliwo\u015b\u0107 narz\u0119dzie","slug":"keywordrok-rzad-prawo-sprawiedliwosc-narzedzie","taxonomy":"post_tag","meta":[],"_links":{"self":[{"href":"https:\/\/www.europesays.com\/pl\/wp-json\/wp\/v2\/tags\/31202","targetHints":{"allow":["GET"]}}],"collection":[{"href":"https:\/\/www.europesays.com\/pl\/wp-json\/wp\/v2\/tags"}],"about":[{"href":"https:\/\/www.europesays.com\/pl\/wp-json\/wp\/v2\/taxonomies\/post_tag"}],"wp:post_type":[{"href":"https:\/\/www.europesays.com\/pl\/wp-json\/wp\/v2\/posts?tags=31202"}],"curies":[{"name":"wp","href":"https:\/\/api.w.org\/{rel}","templated":true}]}}