{"id":31206,"count":1,"description":"","link":"https:\/\/www.europesays.com\/pl\/tag\/keywordpytanie-swiadomosc-narzedzie-rok\/","name":"{keyword:pytanie \u015bwiadomo\u015b\u0107 narz\u0119dzie rok","slug":"keywordpytanie-swiadomosc-narzedzie-rok","taxonomy":"post_tag","meta":[],"_links":{"self":[{"href":"https:\/\/www.europesays.com\/pl\/wp-json\/wp\/v2\/tags\/31206","targetHints":{"allow":["GET"]}}],"collection":[{"href":"https:\/\/www.europesays.com\/pl\/wp-json\/wp\/v2\/tags"}],"about":[{"href":"https:\/\/www.europesays.com\/pl\/wp-json\/wp\/v2\/taxonomies\/post_tag"}],"wp:post_type":[{"href":"https:\/\/www.europesays.com\/pl\/wp-json\/wp\/v2\/posts?tags=31206"}],"curies":[{"name":"wp","href":"https:\/\/api.w.org\/{rel}","templated":true}]}}