{"id":32084,"count":1,"description":"","link":"https:\/\/www.europesays.com\/pl\/tag\/keywordfilm-zywot-swiety-dzieje-polska\/","name":"{keyword:film \u017cywot \u015bwi\u0119ty dzieje polska","slug":"keywordfilm-zywot-swiety-dzieje-polska","taxonomy":"post_tag","meta":[],"_links":{"self":[{"href":"https:\/\/www.europesays.com\/pl\/wp-json\/wp\/v2\/tags\/32084","targetHints":{"allow":["GET"]}}],"collection":[{"href":"https:\/\/www.europesays.com\/pl\/wp-json\/wp\/v2\/tags"}],"about":[{"href":"https:\/\/www.europesays.com\/pl\/wp-json\/wp\/v2\/taxonomies\/post_tag"}],"wp:post_type":[{"href":"https:\/\/www.europesays.com\/pl\/wp-json\/wp\/v2\/posts?tags=32084"}],"curies":[{"name":"wp","href":"https:\/\/api.w.org\/{rel}","templated":true}]}}