{"id":32155,"count":1,"description":"","link":"https:\/\/www.europesays.com\/pl\/tag\/prace-na-wezle-poludnie-w-ramach-omt-aktualnosci\/","name":"Prace na w\u0119\u017ale Po\u0142udnie w ramach OMT aktualnosci","slug":"prace-na-wezle-poludnie-w-ramach-omt-aktualnosci","taxonomy":"post_tag","meta":[],"_links":{"self":[{"href":"https:\/\/www.europesays.com\/pl\/wp-json\/wp\/v2\/tags\/32155","targetHints":{"allow":["GET"]}}],"collection":[{"href":"https:\/\/www.europesays.com\/pl\/wp-json\/wp\/v2\/tags"}],"about":[{"href":"https:\/\/www.europesays.com\/pl\/wp-json\/wp\/v2\/taxonomies\/post_tag"}],"wp:post_type":[{"href":"https:\/\/www.europesays.com\/pl\/wp-json\/wp\/v2\/posts?tags=32155"}],"curies":[{"name":"wp","href":"https:\/\/api.w.org\/{rel}","templated":true}]}}