{"id":3352,"count":2,"description":"","link":"https:\/\/www.europesays.com\/pl\/tag\/jednoosobowa-dzialalnosc-gospodarcza\/","name":"jednoosobowa dzia\u0142alno\u015b\u0107 gospodarcza","slug":"jednoosobowa-dzialalnosc-gospodarcza","taxonomy":"post_tag","meta":[],"_links":{"self":[{"href":"https:\/\/www.europesays.com\/pl\/wp-json\/wp\/v2\/tags\/3352","targetHints":{"allow":["GET"]}}],"collection":[{"href":"https:\/\/www.europesays.com\/pl\/wp-json\/wp\/v2\/tags"}],"about":[{"href":"https:\/\/www.europesays.com\/pl\/wp-json\/wp\/v2\/taxonomies\/post_tag"}],"wp:post_type":[{"href":"https:\/\/www.europesays.com\/pl\/wp-json\/wp\/v2\/posts?tags=3352"}],"curies":[{"name":"wp","href":"https:\/\/api.w.org\/{rel}","templated":true}]}}