{"id":33529,"count":1,"description":"","link":"https:\/\/www.europesays.com\/pl\/tag\/te-gwiazdy-nie-obchodza-swiat-bozego-narodzenia\/","name":"Te gwiazdy nie obchodz\u0105 \u015bwi\u0105t Bo\u017cego Narodzenia","slug":"te-gwiazdy-nie-obchodza-swiat-bozego-narodzenia","taxonomy":"post_tag","meta":[],"_links":{"self":[{"href":"https:\/\/www.europesays.com\/pl\/wp-json\/wp\/v2\/tags\/33529","targetHints":{"allow":["GET"]}}],"collection":[{"href":"https:\/\/www.europesays.com\/pl\/wp-json\/wp\/v2\/tags"}],"about":[{"href":"https:\/\/www.europesays.com\/pl\/wp-json\/wp\/v2\/taxonomies\/post_tag"}],"wp:post_type":[{"href":"https:\/\/www.europesays.com\/pl\/wp-json\/wp\/v2\/posts?tags=33529"}],"curies":[{"name":"wp","href":"https:\/\/api.w.org\/{rel}","templated":true}]}}