{"id":37303,"count":1,"description":"","link":"https:\/\/www.europesays.com\/pl\/tag\/gosc-wydarzen-na-zywo-5-stycznia-2026-roku\/","name":"\u201eGo\u015b\u0107 Wydarze\u0144\u201d - na \u017cywo 5 stycznia 2026 roku","slug":"gosc-wydarzen-na-zywo-5-stycznia-2026-roku","taxonomy":"post_tag","meta":[],"_links":{"self":[{"href":"https:\/\/www.europesays.com\/pl\/wp-json\/wp\/v2\/tags\/37303","targetHints":{"allow":["GET"]}}],"collection":[{"href":"https:\/\/www.europesays.com\/pl\/wp-json\/wp\/v2\/tags"}],"about":[{"href":"https:\/\/www.europesays.com\/pl\/wp-json\/wp\/v2\/taxonomies\/post_tag"}],"wp:post_type":[{"href":"https:\/\/www.europesays.com\/pl\/wp-json\/wp\/v2\/posts?tags=37303"}],"curies":[{"name":"wp","href":"https:\/\/api.w.org\/{rel}","templated":true}]}}