{"id":37491,"count":1,"description":"","link":"https:\/\/www.europesays.com\/pl\/tag\/zastepca-komendanta-glownego-panstwowej-strazy-pozarnej\/","name":"zast\u0119pca komendanta g\u0142\u00f3wnego pa\u0144stwowej stra\u017cy po\u017carnej","slug":"zastepca-komendanta-glownego-panstwowej-strazy-pozarnej","taxonomy":"post_tag","meta":[],"_links":{"self":[{"href":"https:\/\/www.europesays.com\/pl\/wp-json\/wp\/v2\/tags\/37491","targetHints":{"allow":["GET"]}}],"collection":[{"href":"https:\/\/www.europesays.com\/pl\/wp-json\/wp\/v2\/tags"}],"about":[{"href":"https:\/\/www.europesays.com\/pl\/wp-json\/wp\/v2\/taxonomies\/post_tag"}],"wp:post_type":[{"href":"https:\/\/www.europesays.com\/pl\/wp-json\/wp\/v2\/posts?tags=37491"}],"curies":[{"name":"wp","href":"https:\/\/api.w.org\/{rel}","templated":true}]}}