{"id":37884,"count":1,"description":"","link":"https:\/\/www.europesays.com\/pl\/tag\/kaplanstwo-powolania-kosciol-austria\/","name":"&#034;Kap\u0142a\u0144stwo&#034; &#034;Powo\u0142ania&#034; &#034;Ko\u015bci\u00f3\u0142&#034; &#034;Austria&#034;","slug":"kaplanstwo-powolania-kosciol-austria","taxonomy":"post_tag","meta":[],"_links":{"self":[{"href":"https:\/\/www.europesays.com\/pl\/wp-json\/wp\/v2\/tags\/37884","targetHints":{"allow":["GET"]}}],"collection":[{"href":"https:\/\/www.europesays.com\/pl\/wp-json\/wp\/v2\/tags"}],"about":[{"href":"https:\/\/www.europesays.com\/pl\/wp-json\/wp\/v2\/taxonomies\/post_tag"}],"wp:post_type":[{"href":"https:\/\/www.europesays.com\/pl\/wp-json\/wp\/v2\/posts?tags=37884"}],"curies":[{"name":"wp","href":"https:\/\/api.w.org\/{rel}","templated":true}]}}