{"id":39363,"count":1,"description":"","link":"https:\/\/www.europesays.com\/pl\/tag\/drzwi-swiete-jubileusz-jubileusz-2025-bazylika-sw-piotra\/","name":"&#034;Drzwi \u015awi\u0119te&#034; &#034;Jubileusz&#034; &#034;Jubileusz 2025&#034; &#034;Bazylika \u015bw. Piotra&#034;","slug":"drzwi-swiete-jubileusz-jubileusz-2025-bazylika-sw-piotra","taxonomy":"post_tag","meta":[],"_links":{"self":[{"href":"https:\/\/www.europesays.com\/pl\/wp-json\/wp\/v2\/tags\/39363","targetHints":{"allow":["GET"]}}],"collection":[{"href":"https:\/\/www.europesays.com\/pl\/wp-json\/wp\/v2\/tags"}],"about":[{"href":"https:\/\/www.europesays.com\/pl\/wp-json\/wp\/v2\/taxonomies\/post_tag"}],"wp:post_type":[{"href":"https:\/\/www.europesays.com\/pl\/wp-json\/wp\/v2\/posts?tags=39363"}],"curies":[{"name":"wp","href":"https:\/\/api.w.org\/{rel}","templated":true}]}}