{"id":39718,"count":2,"description":"","link":"https:\/\/www.europesays.com\/pl\/tag\/to-bez-watpienia-najwieksza-scena-w-historii-bielsku-bialej-od-srody-ekipy-techniczne-montuja-elementy-jej-scenografii\/","name":"To bez w\u0105tpienia najwi\u0119ksza scena w historii Bielsku-Bia\u0142ej.. Od \u015brody ekipy techniczne montuj\u0105 elementy jej scenografii","slug":"to-bez-watpienia-najwieksza-scena-w-historii-bielsku-bialej-od-srody-ekipy-techniczne-montuja-elementy-jej-scenografii","taxonomy":"post_tag","meta":[],"_links":{"self":[{"href":"https:\/\/www.europesays.com\/pl\/wp-json\/wp\/v2\/tags\/39718","targetHints":{"allow":["GET"]}}],"collection":[{"href":"https:\/\/www.europesays.com\/pl\/wp-json\/wp\/v2\/tags"}],"about":[{"href":"https:\/\/www.europesays.com\/pl\/wp-json\/wp\/v2\/taxonomies\/post_tag"}],"wp:post_type":[{"href":"https:\/\/www.europesays.com\/pl\/wp-json\/wp\/v2\/posts?tags=39718"}],"curies":[{"name":"wp","href":"https:\/\/api.w.org\/{rel}","templated":true}]}}