{"id":39719,"count":2,"description":"","link":"https:\/\/www.europesays.com\/pl\/tag\/a-po-zmierzchu-odbywaja-sie-proby-swiatel-dzis-na-placu-rozstawialy-sie-kamery-tvp\/","name":"a po zmierzchu odbywaj\u0105 si\u0119 pr\u00f3by \u015bwiate\u0142. Dzi\u015b na placu rozstawia\u0142y si\u0119 kamery TVP","slug":"a-po-zmierzchu-odbywaja-sie-proby-swiatel-dzis-na-placu-rozstawialy-sie-kamery-tvp","taxonomy":"post_tag","meta":[],"_links":{"self":[{"href":"https:\/\/www.europesays.com\/pl\/wp-json\/wp\/v2\/tags\/39719","targetHints":{"allow":["GET"]}}],"collection":[{"href":"https:\/\/www.europesays.com\/pl\/wp-json\/wp\/v2\/tags"}],"about":[{"href":"https:\/\/www.europesays.com\/pl\/wp-json\/wp\/v2\/taxonomies\/post_tag"}],"wp:post_type":[{"href":"https:\/\/www.europesays.com\/pl\/wp-json\/wp\/v2\/posts?tags=39719"}],"curies":[{"name":"wp","href":"https:\/\/api.w.org\/{rel}","templated":true}]}}