{"id":39753,"count":1,"description":"","link":"https:\/\/www.europesays.com\/pl\/tag\/mieszkancy-bielska-bialej-skarza-sie-na-stan-chodnikow-na-ktorych-zalega-bloto-posniegowa\/","name":"Mieszka\u0144cy Bielska-Bia\u0142ej skar\u017c\u0105 si\u0119 na stan chodnik\u00f3w na kt\u00f3rych zalega b\u0142oto po\u015bniegowa","slug":"mieszkancy-bielska-bialej-skarza-sie-na-stan-chodnikow-na-ktorych-zalega-bloto-posniegowa","taxonomy":"post_tag","meta":[],"_links":{"self":[{"href":"https:\/\/www.europesays.com\/pl\/wp-json\/wp\/v2\/tags\/39753","targetHints":{"allow":["GET"]}}],"collection":[{"href":"https:\/\/www.europesays.com\/pl\/wp-json\/wp\/v2\/tags"}],"about":[{"href":"https:\/\/www.europesays.com\/pl\/wp-json\/wp\/v2\/taxonomies\/post_tag"}],"wp:post_type":[{"href":"https:\/\/www.europesays.com\/pl\/wp-json\/wp\/v2\/posts?tags=39753"}],"curies":[{"name":"wp","href":"https:\/\/api.w.org\/{rel}","templated":true}]}}