{"id":42201,"count":1,"description":"","link":"https:\/\/www.europesays.com\/pl\/tag\/mieszkancy-bielska-bialej-planujacy-podroz-porannym-pociagiem-ic-hutnik-do-gdyni-musieli-skorzystac-z-alternatywnego-polaczenia-sklad\/","name":"Mieszka\u0144cy Bielska-Bia\u0142ej planuj\u0105cy podr\u00f3\u017c porannym poci\u0105giem IC Hutnik do Gdyni musieli skorzysta\u0107 z alternatywnego po\u0142\u0105czenia. Sk\u0142ad","slug":"mieszkancy-bielska-bialej-planujacy-podroz-porannym-pociagiem-ic-hutnik-do-gdyni-musieli-skorzystac-z-alternatywnego-polaczenia-sklad","taxonomy":"post_tag","meta":[],"_links":{"self":[{"href":"https:\/\/www.europesays.com\/pl\/wp-json\/wp\/v2\/tags\/42201","targetHints":{"allow":["GET"]}}],"collection":[{"href":"https:\/\/www.europesays.com\/pl\/wp-json\/wp\/v2\/tags"}],"about":[{"href":"https:\/\/www.europesays.com\/pl\/wp-json\/wp\/v2\/taxonomies\/post_tag"}],"wp:post_type":[{"href":"https:\/\/www.europesays.com\/pl\/wp-json\/wp\/v2\/posts?tags=42201"}],"curies":[{"name":"wp","href":"https:\/\/api.w.org\/{rel}","templated":true}]}}