{"id":42202,"count":1,"description":"","link":"https:\/\/www.europesays.com\/pl\/tag\/ktory-mial-rozpoczac-bieg-w-stolicy-podbeskidzia\/","name":"kt\u00f3ry mia\u0142 rozpocz\u0105\u0107 bieg w stolicy Podbeskidzia","slug":"ktory-mial-rozpoczac-bieg-w-stolicy-podbeskidzia","taxonomy":"post_tag","meta":[],"_links":{"self":[{"href":"https:\/\/www.europesays.com\/pl\/wp-json\/wp\/v2\/tags\/42202","targetHints":{"allow":["GET"]}}],"collection":[{"href":"https:\/\/www.europesays.com\/pl\/wp-json\/wp\/v2\/tags"}],"about":[{"href":"https:\/\/www.europesays.com\/pl\/wp-json\/wp\/v2\/taxonomies\/post_tag"}],"wp:post_type":[{"href":"https:\/\/www.europesays.com\/pl\/wp-json\/wp\/v2\/posts?tags=42202"}],"curies":[{"name":"wp","href":"https:\/\/api.w.org\/{rel}","templated":true}]}}