{"id":20966,"date":"2026-08-13T15:19:11","date_gmt":"2026-08-13T15:19:11","guid":{"rendered":"https:\/\/www.europesays.com\/poland\/20966\/"},"modified":"2026-08-13T15:19:11","modified_gmt":"2026-08-13T15:19:11","slug":"poland-excluded-from-starlinks-european-region-what-musk-dispute-reveals-about-digital-sovereignty","status":"publish","type":"post","link":"https:\/\/www.europesays.com\/poland\/20966\/","title":{"rendered":"Poland Excluded from Starlink\u2019s European Region: What Musk Dispute Reveals About Digital Sovereignty"},"content":{"rendered":"<p>New rules for new Starlink customers took effect on 14 July 2026. Existing customers move to them on 17 August<a href=\"#fn1\" id=\"ref1\">1<\/a>. The update puts more than thirty European states into a single travel region so that account holders can cross borders inside it without extra registration or the standard thirty-day limit on international use. The region includes Germany, Czechia, Slovakia, Lithuania, France, Spain, Italy, Romania, and Norway, among others<a href=\"#fn2\" id=\"ref2\">2<\/a>. Poland is not on the list. Starlink\u2019s own documentation says clearly that Poland is not included in the European region and that accounts registered in Poland are treated as intended for use in Poland only<a href=\"#fn2\" id=\"ref2\">2<\/a>. Polish users on the \u201cRoam Unlimited\u201d plan can still use the service abroad, but only for thirty days per trip. After that they must return to Poland to reset the allowance, move to a more expensive package, or register the service in another country<a href=\"#fn1\" id=\"ref1\">1<\/a>, <a href=\"#fn3\" id=\"ref3\">3<\/a>. Polish media report that users in thirty-five other European countries face none of these requirements<a href=\"#fn1\" id=\"ref1\">1<\/a>. SpaceX has not explained the exclusion.<\/p>\n<p>The reaction from Warsaw was immediate, and it came from three officials, including the Polish Foreign Minister. Rados\u0142aw Sikorski wrote to Musk directly on X: \u201cHey, @elonmusk, big man, stop discriminating Polish users of Starlink or we might re-think paying you $50 million p.a. for your services.\u201d<a href=\"#fn2\" id=\"ref2\">2<\/a>, <a href=\"#fn3\" id=\"ref3\">3<\/a> Deputy Prime Minister and Minister of Digital Affairs Krzysztof Gawkowski said he does not accept \u201cthat this is simply how it must be.\u201d He asked SpaceX to restore equal treatment for Polish customers urgently and added that if the reason is a local regulatory requirement, he expects the specific provisions to be named because general explanations are not enough<a href=\"#fn2\" id=\"ref2\">2<\/a>. Gawkowski also made a broader point that is worth noting for how it frames the problem: new technologies have given global companies great power over the conditions under which people work, communicate, and travel, and for this reason it is the duty of the state to respond to unequal treatment of customers and to unfair market practices<a href=\"#fn2\" id=\"ref2\">2<\/a>. Deputy Digital Affairs Minister Micha\u0142 Gramatyka, from the junior coalition party Polska 2050, supported Gawkowski\u2019s position and criticized the restriction of a commercial service without clear justification<a href=\"#fn3\" id=\"ref3\">3<\/a>. The Polish technology press has been blunter. The outlet Telepolis called the new terms \u201cmockery\u201d and \u201copen discrimination against Poles\u201d<a href=\"#fn1\" id=\"ref1\">1<\/a>.<\/p>\n<p>What the $50 million pays for<\/p>\n<p>The sum Sikorski mentioned has nothing to do with these domestic subscribers. It refers to Poland\u2019s continued funding of the more than 29,000 Starlink terminals it has supplied to Ukraine. Poland has paid for their subscriptions since 2022, because satellite connectivity is essential wherever terrestrial networks have been destroyed or jammed, including for drone and missile guidance<a href=\"#fn4\" id=\"ref4\">4<\/a>. Ukraine\u2019s terminals operate under separate arrangements outside the EU roaming region, so the tariff change affecting Polish accounts does not touch Ukraine\u2019s service at all. This weakens the theories that connect the exclusion to tensions over the Ukraine relationship<a href=\"#fn4\" id=\"ref4\">4<\/a>.<\/p>\n<p>A private classification, not a legal one<\/p>\n<p>What happened here is not an interstate issue. It is an internal commercial decision, taken without any published process, which produces a different regulatory effect for the nationals of one EU member state than for their neighbours. No treaty, regulation, or administrative act places Poland in a lower category of service. The classification exists only inside SpaceX\u2019s own terms, and it can be changed as unilaterally as it was introduced. Gawkowski\u2019s own words describe the legal problem well, even if he does not use legal language: a state can regulate conduct on its territory, but without a specific legal basis it cannot compel a foreign infrastructure operator to explain or justify an internal classification of this kind, even when the practical effect looks very much like discriminatory market access.<br \/>The scale here is what makes this case unique: Starlink\u2019s global network serves around 12 million subscribers<a href=\"#fn4\" id=\"ref4\">4<\/a>. It is also, as the Polish commentary notes, dual-use technology: the same infrastructure serves civilian customers and, as the Ukraine arrangement shows, wartime military communications<a href=\"#fn4\" id=\"ref4\">4<\/a>. Against that scale, a change in one member state\u2019s roaming terms is a small governance question. It is still a useful one, precisely because it is small and procedurally invisible. There is no public record of a decision being taken, only its effect.<\/p>\n<p>The capacity gap behind the rhetoric<\/p>\n<p>The episode comes as the European Commission pursues its Technological Sovereignty Package, adopted on 3 June 2026, which targets EU dependency on non-European cloud, chip, and software providers<a href=\"#fn5\" id=\"ref5\">5<\/a>. Satellite broadband is outside that package, and the capacity gap is large. The EU\u2019s own answer, IRIS\u00b2 (Infrastructure for Resilience, Interconnectivity and Security by Satellite), is planned around roughly 300 satellites, against Starlink\u2019s current constellation of more than 10,000<a href=\"#fn4\" id=\"ref4\">4<\/a>. Amazon\u2019s competing Kuiper system, now called Amazon Leo, is expected to reach around 3,000 satellites. That would still leave it far behind, and it would in any case replace one commercially controlled American constellation with another<a href=\"#fn4\" id=\"ref4\">4<\/a>.<\/p>\n<p>An open question for internet governance<\/p>\n<p>Internet governance has developed over three decades around a clear division of work: technical coordination through multistakeholder bodies such as ICANN and the IETF, orbital and spectrum coordination through the ITU\u2019s Radio Regulations and World Radiocommunication Conference processes, and deliberation on new public policy questions through the IGF and its national and regional initiatives, with the Forum\u2019s mandate anchored in the 2005 WSIS Tunis Agenda. This is not a vacuum. ITU coordination is well developed on the allocation question and governs how operators and national administrations share orbital slots and frequency bands. What it does not cover, by design rather than by oversight, is the question this episode raises: the terms on which an operator that already holds a license serves the citizens of a given state and whether those terms may differ from state to state without explanation.<br \/>That is an open space rather than a failure. The IGF has been valuable precisely because it does not adjudicate or bind. Its role is to bring questions like this one into view, to gather the technical, commercial, and governmental perspectives needed to understand them properly, and to let norms develop through discussion before anyone writes rules that may not fit the technology. This episode serves that role particularly well. It is a new kind of question: connectivity access rather than content or data, private commercial classification rather than state regulation. It deserves the multistakeholder attention that has worked well for other infrastructure and access questions, rather than a rushed move toward binding treaty obligations that could turn out to be premature or badly matched to how satellite constellations actually work.<\/p>\n<p>Poland\u2019s response so far has been bilateral: public appeals from two ministers to the company and, in Sikorski\u2019s case, to the individual who controls it. That is a reasonable first step, and probably the right one, given how recent and how local the dispute is. Whether it becomes a matter for wider multistakeholder attention at IGF 2026 in Nairobi this December, in ITU study groups on satellite service terms, or elsewhere will depend on whether other states start to report similar treatment. One excluded state is an anomaly worth watching. A pattern would be a governance question deserving exactly the kind of sustained, deliberative attention that the multistakeholder model was built to provide.<\/p>\n<p>M. Walk\u00f3w, \u201c<a href=\"https:\/\/www.money.pl\/biznes\/starlink-elona-muska-wykluczyl-polske-z-europy-kontrowersyjna-zmiana-w-usludze-7317341819529312a.html\" rel=\"nofollow noopener\" target=\"_blank\">Starlink Elona Muska wykluczy\u0142 Polsk\u0119 z Europy. Kontrowersyjna zmiana w us\u0142udze<\/a>,\u201d Money.pl, 11 August 2026.\u00a0<a href=\"#ref1\" id=\"fn1\"><\/a><br \/>\n\u201d<a href=\"https:\/\/www.polsatnews.pl\/wiadomosc\/2026-08-12\/polska-wylaczona-z-europejskiego-regionu-starlinka-gawkowski-odpowiada-muskowi\/\" rel=\"nofollow noopener\" target=\"_blank\">Polska wy\u0142\u0105czona z regionu Starlinka. Wicepremier odpowiada Muskowi<\/a>,\u201d Polsat News, 12 August 2026.\u00a0<a href=\"#ref2\" id=\"fn2\"><\/a><br \/>\nS. W\u0119growski, \u201c<a href=\"https:\/\/www.wprost.pl\/kraj\/12413145\/starlink-zmienia-zasady-w-polsce-sikorski-i-gawkowski-reaguja.html\" rel=\"nofollow noopener\" target=\"_blank\">Sikorski atakuje Muska. Minister zagrozi\u0142 szefowi SpaceX<\/a>,\u201d Wprost, 12 August 2026.\u00a0<a href=\"#ref3\" id=\"fn3\"><\/a><br \/>\nA. Grzeszak, \u201c<a href=\"https:\/\/www.polityka.pl\/tygodnikpolityka\/rynek\/2353627,1,dlaczego-elon-nas-nie-lubi-starlink-wykluczyl-polske-z-europy-to-powinno-dac-do-myslenia.read\" rel=\"nofollow noopener\" target=\"_blank\">Dlaczego Elon nas nie lubi? Starlink wykluczy\u0142 Polsk\u0119 z Europy, to powinno da\u0107 do my\u015blenia<\/a>,\u201d Polityka, 12 August 2026.\u00a0<a href=\"#ref4\" id=\"fn4\"><\/a><br \/>\nEuropean Commission, \u201c<a href=\"https:\/\/digital-strategy.ec.europa.eu\/en\/policies\/eu-tech-sovereignty\" rel=\"nofollow noopener\" target=\"_blank\">Strengthening Europe\u2019s Tech Sovereignty<\/a>,\u201d 3 June 2026.\u00a0<a href=\"#ref5\" id=\"fn5\"><\/a><\/p>\n<p>  NORDVPN DISCOUNT &#8211; CircleID x NordVPN<br \/>\n <a href=\"https:\/\/go.nordvpn.net\/aff_c?offer_id=15&amp;aff_id=109931&amp;url_id=902\" class=\"affiliate-box-link\" target=\"_blank\" rel=\"nofollow noopener\">Get NordVPN<\/a><br \/>\n  \u00a0[74% +3 extra months, from $2.99\/month]<\/p>\n","protected":false},"excerpt":{"rendered":"New rules for new Starlink customers took effect on 14 July 2026. Existing customers move to them on&hellip;\n","protected":false},"author":2,"featured_media":20967,"comment_status":"","ping_status":"","sticky":false,"template":"","format":"standard","meta":{"footnotes":""},"categories":[2],"tags":[13179,13180,13181,9,13182,13032,13183],"class_list":["post-20966","post","type-post","status-publish","format-standard","has-post-thumbnail","category-poland","tag-access_providers","tag-broadband","tag-internet_governance","tag-poland","tag-policy_regulation","tag-satellite-internet","tag-telecom"],"_links":{"self":[{"href":"https:\/\/www.europesays.com\/poland\/wp-json\/wp\/v2\/posts\/20966","targetHints":{"allow":["GET"]}}],"collection":[{"href":"https:\/\/www.europesays.com\/poland\/wp-json\/wp\/v2\/posts"}],"about":[{"href":"https:\/\/www.europesays.com\/poland\/wp-json\/wp\/v2\/types\/post"}],"author":[{"embeddable":true,"href":"https:\/\/www.europesays.com\/poland\/wp-json\/wp\/v2\/users\/2"}],"replies":[{"embeddable":true,"href":"https:\/\/www.europesays.com\/poland\/wp-json\/wp\/v2\/comments?post=20966"}],"version-history":[{"count":0,"href":"https:\/\/www.europesays.com\/poland\/wp-json\/wp\/v2\/posts\/20966\/revisions"}],"wp:featuredmedia":[{"embeddable":true,"href":"https:\/\/www.europesays.com\/poland\/wp-json\/wp\/v2\/media\/20967"}],"wp:attachment":[{"href":"https:\/\/www.europesays.com\/poland\/wp-json\/wp\/v2\/media?parent=20966"}],"wp:term":[{"taxonomy":"category","embeddable":true,"href":"https:\/\/www.europesays.com\/poland\/wp-json\/wp\/v2\/categories?post=20966"},{"taxonomy":"post_tag","embeddable":true,"href":"https:\/\/www.europesays.com\/poland\/wp-json\/wp\/v2\/tags?post=20966"}],"curies":[{"name":"wp","href":"https:\/\/api.w.org\/{rel}","templated":true}]}}