{"id":100024,"date":"2025-10-06T19:31:29","date_gmt":"2025-10-06T19:31:29","guid":{"rendered":"https:\/\/www.europesays.com\/pt\/100024\/"},"modified":"2025-10-06T19:31:29","modified_gmt":"2025-10-06T19:31:29","slug":"matosinhos-ultimos-cinco-dias-vistos-como-decisivos-num-concelho-desde-sempre-rosa","status":"publish","type":"post","link":"https:\/\/www.europesays.com\/pt\/100024\/","title":{"rendered":"Matosinhos: \u00faltimos cinco dias vistos como decisivos num concelho desde sempre &#8220;rosa&#8221;"},"content":{"rendered":"<p>Num concelho sempre com \u00edndole &#8220;rosa&#8221;, mesmo quando governado por um independente, nunca a Oposi\u00e7\u00e3o tinha sequer conseguido cheirar a possibilidade de estar perto de ganhar umas aut\u00e1rquicas. N\u00e3o \u00e9 o que se sente agora, acredita Bruno Pereira (AD), que ousa at\u00e9 pedir &#8220;uma ampla maioria&#8221;. Apesar de admitir recear a absten\u00e7\u00e3o e algum afastamento do eleitorado, a socialista Lu\u00edsa Salgueiro, que possui maioria absoluta, tamb\u00e9m acredita no pleno: ganhar a C\u00e2mara e todas as freguesias. Mas desconhece-se &#8220;o efeito&#8221; Chega e Ant\u00f3nio Parada at\u00e9 sonha com uma vit\u00f3ria. J\u00e1 Jos\u00e9 Pedro Rodrigues ambiciona refor\u00e7ar a representatividade da CDU.<\/p>\n<p data-remotead-prev-elm=\"true\" data-remotead-elm-id=\"inread\">O dia dos candidatos com representatividade no Executivo de Matosinhos come\u00e7ou precisamente com o Chega e Ant\u00f3nio Parada a mostrar em Lavra o quanto est\u00e1 \u00e0 vontade com o contacto popular. &#8220;Vai ser uma grande vit\u00f3ria do Chega em Matosinhos&#8221;, garante, com convic\u00e7\u00e3o.<\/p>\n<p>Acesso exclusivo a assinantes<\/p>\n<p>Acesso ilimitado a conte\u00fados exclusivos<\/p>\n<p>Navega\u00e7\u00e3o sem publicidade intrusiva<\/p>\n<p>Vers\u00e3o digital do jornal, suplementos e revistas<\/p>\n","protected":false},"excerpt":{"rendered":"Num concelho sempre com \u00edndole &#8220;rosa&#8221;, mesmo quando governado por um independente, nunca a Oposi\u00e7\u00e3o tinha sequer conseguido&hellip;\n","protected":false},"author":2,"featured_media":100025,"comment_status":"","ping_status":"","sticky":false,"template":"","format":"standard","meta":{"footnotes":""},"categories":[10],"tags":[27,28,19484,17593,15,16,14,25,26,21,22,12,13,19,20,32,23,24,33,17,18,29,30,31],"class_list":{"0":"post-100024","1":"post","2":"type-post","3":"status-publish","4":"format-standard","5":"has-post-thumbnail","7":"category-portugal","8":"tag-breaking-news","9":"tag-breakingnews","10":"tag-concelho-matosinhos","11":"tag-eleicoes-autarquicas","12":"tag-featured-news","13":"tag-featurednews","14":"tag-headlines","15":"tag-latest-news","16":"tag-latestnews","17":"tag-main-news","18":"tag-mainnews","19":"tag-news","20":"tag-noticias","21":"tag-noticias-principais","22":"tag-noticiasprincipais","23":"tag-portugal","24":"tag-principais-noticias","25":"tag-principaisnoticias","26":"tag-pt","27":"tag-top-stories","28":"tag-topstories","29":"tag-ultimas","30":"tag-ultimas-noticias","31":"tag-ultimasnoticias"},"share_on_mastodon":{"url":"","error":""},"_links":{"self":[{"href":"https:\/\/www.europesays.com\/pt\/wp-json\/wp\/v2\/posts\/100024","targetHints":{"allow":["GET"]}}],"collection":[{"href":"https:\/\/www.europesays.com\/pt\/wp-json\/wp\/v2\/posts"}],"about":[{"href":"https:\/\/www.europesays.com\/pt\/wp-json\/wp\/v2\/types\/post"}],"author":[{"embeddable":true,"href":"https:\/\/www.europesays.com\/pt\/wp-json\/wp\/v2\/users\/2"}],"replies":[{"embeddable":true,"href":"https:\/\/www.europesays.com\/pt\/wp-json\/wp\/v2\/comments?post=100024"}],"version-history":[{"count":0,"href":"https:\/\/www.europesays.com\/pt\/wp-json\/wp\/v2\/posts\/100024\/revisions"}],"wp:featuredmedia":[{"embeddable":true,"href":"https:\/\/www.europesays.com\/pt\/wp-json\/wp\/v2\/media\/100025"}],"wp:attachment":[{"href":"https:\/\/www.europesays.com\/pt\/wp-json\/wp\/v2\/media?parent=100024"}],"wp:term":[{"taxonomy":"category","embeddable":true,"href":"https:\/\/www.europesays.com\/pt\/wp-json\/wp\/v2\/categories?post=100024"},{"taxonomy":"post_tag","embeddable":true,"href":"https:\/\/www.europesays.com\/pt\/wp-json\/wp\/v2\/tags?post=100024"}],"curies":[{"name":"wp","href":"https:\/\/api.w.org\/{rel}","templated":true}]}}