{"id":100026,"date":"2025-10-06T19:32:27","date_gmt":"2025-10-06T19:32:27","guid":{"rendered":"https:\/\/www.europesays.com\/pt\/100026\/"},"modified":"2025-10-06T19:32:27","modified_gmt":"2025-10-06T19:32:27","slug":"bdp-santos-pereira-promete-supervisao-atenta-e-exigente-observador","status":"publish","type":"post","link":"https:\/\/www.europesays.com\/pt\/100026\/","title":{"rendered":"BdP. Santos Pereira promete supervis\u00e3o &#8220;atenta e exigente&#8221; \u2013 Observador"},"content":{"rendered":"<p>\u00c1lvaro Santos Pereira prometeu mudan\u00e7as no Banco de Portugal \u2013 tornando-o \u201cmais aberto e mais pr\u00f3ximo dos portugueses\u201d \u2013 e garantiu que ir\u00e1 promover uma supervis\u00e3o \u201catenta e exigente\u201d, ao mesmo tempo que prometeu maximizar a efici\u00eancia do organismo e da sua estrutura. Ao lado de Santos Pereira, na cerim\u00f3nia no Museu do Dinheiro, o ministro das Finan\u00e7as, Joaquim Miranda Sarmento, fez um curt\u00edssimo agradecimento a M\u00e1rio Centeno \u201cpelos anos\u201d em que desempenhou o cargo.<\/p>\n<p>\u201cTencionamos honrar a hist\u00f3ria do banco mas fazendo-o quebrando silos e inefici\u00eancias\u201d, afirmou \u00c1lvaro Santos Pereira, anunciando que ser\u00e1 criada uma Secretaria-geral do banco que ter\u00e1 a miss\u00e3o de promover a integra\u00e7\u00e3o dos processos e procedimentos. No \u00e2mbito desse trabalho, v\u00e3o ser consultados os trabalhadores e as estruturas da organiza\u00e7\u00e3o para se perceber se \u00e9 poss\u00edvel melhorar o grau de efici\u00eancia que existe no Banco de Portugal, promovendo-se uma \u201ccultura de colabora\u00e7\u00e3o entre os diferentes departamentos\u201d<\/p>\n<p>Santos Pereira anunciou, tamb\u00e9m, que vai ser revista a \u201clei org\u00e2nica, que carece de moderniza\u00e7\u00e3o\u201d. \u201cUm banco central que se quer moderno n\u00e3o se compadece com uma lei org\u00e2nica que n\u00e3o o reflita\u201d, afirmou o novo governador, prometendo um Banco de Portugal que ser\u00e1 \u201cmais aberto e mais pr\u00f3ximo dos portugueses\u201d. Todos os trimestres o banco vai estar numa zona diferente do pa\u00eds para falar com as pessoas e com as empresas, para aferir o desenvolvimento da economia, adiantou.<\/p>\n<p>\u201cAgora, \u00e9 hora de arrega\u00e7ar as mangas e pormo-nos ao trabalho\u201d, concluiu Santos Pereira.<\/p>\n<p>O novo governador do Banco de Portugal, que discursou num p\u00falpito ao lado de Miranda Sarmento, ministro das Finan\u00e7as, salientou que entre \u201cas prioridades do Banco de Portugal\u201d estar\u00e1 \u201cparticipar ativamente na pol\u00edtica monet\u00e1ria, ao n\u00edvel do Eurossistema; continuar a ter uma pol\u00edtica macroprudencial atenta aos riscos emergentes que ameacem a estabilidade financeira, sobretudo tendo em conta a <strong>enorme subida dos pre\u00e7os no imobili\u00e1rio<\/strong>\u201d que se regista em Portugal.<\/p>\n<p>Dedicando alguns minutos do seu discurso a esse tema, Santos Pereira elogiou as medidas apresentadas pelo Governo de Lu\u00eds Montenegro mas salientou que \u201c<strong>\u00e9 preciso fazer mais, muito mais<\/strong>\u201d para garantir maior oferta no mercado imobili\u00e1rio. O novo governador sublinhou que uma grande parte da solu\u00e7\u00e3o passa pela melhoria nos licenciamentos.<\/p>\n<p>A supervis\u00e3o banc\u00e1ria ser\u00e1 \u201c<strong>atenta e exigente<\/strong>\u201d para \u201ccontinuar a refor\u00e7ar a resili\u00eancia do setor\u201d, acrescentou.<\/p>\n<p>Num discurso onde n\u00e3o fez refer\u00eancia direta ao mandato de Centeno, Santos Pereira acrescenteou que \u201c<strong>a independ\u00eancia dos bancos centrais tem sido questionada em muitos quadrantes<\/strong>\u201d, em v\u00e1rias parte do mundo, mas defendeu que a independ\u00eancia \u00e9 essencial para garantir a estabilidade financeira e a estabilidade dos pre\u00e7os.<\/p>\n<p>Santos Pereira lembra que a crise que assolou Portugal na d\u00e9cada passada ainda est\u00e1 bem presente na mem\u00f3ria dos portugueses. Hoje, \u201cestamos, inegavelmente, melhor do que est\u00e1vamos h\u00e1 uma d\u00e9cada, mas n\u00e3o podemos ser complacentes\u201c. \u00c9 preciso uma atitude reformista para que a economia \u201c<strong>cres\u00e7a mais<\/strong>\u201d. E \u00e9 fundamental continuar a reduzir o n\u00edvel de endividamento, que \u201c<strong>continua demasiado alto para estarmos confort\u00e1veis<\/strong>\u201d.<\/p>\n<p>Na \u00e1rea dos pagamentos, o Banco de Portugal tem uma posi\u00e7\u00e3o de \u201cneutralidade\u201d e advoga o poder de escolha dos portugueses, garantindo que o numer\u00e1rio vai continuar a ser utilizado e distribu\u00eddo por todo o territ\u00f3rio nacional. As solu\u00e7\u00f5es digitais trazem mais conveni\u00eancia mas tamb\u00e9m trazem mais risco de fraude. Cabe ao Banco de Portugal estar \u201catento\u201d a estes riscos.<\/p>\n<p>\u00c1lvaro Santos Pereira garante, tamb\u00e9m, que ir\u00e1 ter uma intera\u00e7\u00e3o pr\u00f3xima com o Governo no \u00e2mbito da literacia financeira, incluindo campanhas concertadas entre os membros do conselho nacional de supervis\u00e3o financeira (que tamb\u00e9m inclui a CMVM e a ASF).<\/p>\n<p>Joaquim Miranda Sarmento, ministro das Finan\u00e7as, falou depois de Santos Pereira e come\u00e7ou por agradecer \u2013 de forma muito r\u00e1pida \u2013 ao governador cessante, M\u00e1rio Centeno, \u201cpelos anos em que exerceu o cargo\u201d, bem como a restante administra\u00e7\u00e3o.<\/p>\n<p>Ao governador que nesta segunda-feira inicia fun\u00e7\u00f5es, desejou boa sorte no desempenho do cargo e disse que o seu curr\u00edculo e compet\u00eancia \u201cn\u00e3o deixa d\u00favidas sobre a sua capacidade de representar Portugal nos mais diferentes f\u00f3runs\u201d.<\/p>\n<p>Tal como Santos Pereira, Miranda Sarmento tamb\u00e9m destacou a import\u00e2ncia da <strong>literacia financeira<\/strong>. \u201c\u00c9 essencial que os clientes banc\u00e1rios reconhe\u00e7am informa\u00e7\u00e3o verdadeira de informa\u00e7\u00e3o falsa\u201c, que os deixa expostos a fraudes, afirmou o ministro das Finan\u00e7as.<\/p>\n<p>\u201cNum mundo cada vez mais complexo\u201d, Miranda Sarmento destaca que \u201co setor financeiro tem tido uma boa capacidade de adapta\u00e7\u00e3o \u2013 tal como os supervisores \u2013 \u00e0s mudan\u00e7as na supervis\u00e3o banc\u00e1ria\u201d. E, no final do seu curto discurso, o ministro das Finan\u00e7as voltou a desejar \u201cboa sorte\u201d ao novo governador e a todos os outros que est\u00e3o no Banco de Portugal.<\/p>\n<p>A sess\u00e3o de apresenta\u00e7\u00e3o do novo governador terminou com cumprimentos por parte da audi\u00eancia \u2013 que incluiu v\u00e1rios banqueiros e respons\u00e1veis do setor \u2013 que formaram uma fila para, um a um, cumprimentar o novo governador. M\u00e1rio Centeno foi um dos primeiros a fazer esse cumprimento, abandonando a nave do Museu do Dinheiro logo de seguida.<\/p>\n<blockquote class=\"wp-embedded-content\" data-secret=\"mmJClRqASW\">\n<p><a href=\"https:\/\/observador.pt\/especiais\/promocao-de-centeno-como-diretor-do-banco-de-portugal-foi-adiada-o-que-levou-a-cancelamento-de-almoco-de-despedida\/\" rel=\"nofollow noopener\" target=\"_blank\">A promo\u00e7\u00e3o adiada e o almo\u00e7o cancelado. Os tensos \u00faltimos dias de M\u00e1rio Centeno no Banco de Portugal<\/a><\/p>\n<\/blockquote>\n","protected":false},"excerpt":{"rendered":"\u00c1lvaro Santos Pereira prometeu mudan\u00e7as no Banco de Portugal \u2013 tornando-o \u201cmais aberto e mais pr\u00f3ximo dos portugueses\u201d&hellip;\n","protected":false},"author":2,"featured_media":100027,"comment_status":"","ping_status":"","sticky":false,"template":"","format":"standard","meta":{"footnotes":""},"categories":[8],"tags":[475,474,27,28,476,15,16,14,25,26,21,22,12,13,19,20,32,23,24,33,17,18,29,30,31],"class_list":{"0":"post-100026","1":"post","2":"type-post","3":"status-publish","4":"format-standard","5":"has-post-thumbnail","7":"category-principais-noticias","8":"tag-banca","9":"tag-banco-de-portugal","10":"tag-breaking-news","11":"tag-breakingnews","12":"tag-economia","13":"tag-featured-news","14":"tag-featurednews","15":"tag-headlines","16":"tag-latest-news","17":"tag-latestnews","18":"tag-main-news","19":"tag-mainnews","20":"tag-news","21":"tag-noticias","22":"tag-noticias-principais","23":"tag-noticiasprincipais","24":"tag-portugal","25":"tag-principais-noticias","26":"tag-principaisnoticias","27":"tag-pt","28":"tag-top-stories","29":"tag-topstories","30":"tag-ultimas","31":"tag-ultimas-noticias","32":"tag-ultimasnoticias"},"share_on_mastodon":{"url":"","error":""},"_links":{"self":[{"href":"https:\/\/www.europesays.com\/pt\/wp-json\/wp\/v2\/posts\/100026","targetHints":{"allow":["GET"]}}],"collection":[{"href":"https:\/\/www.europesays.com\/pt\/wp-json\/wp\/v2\/posts"}],"about":[{"href":"https:\/\/www.europesays.com\/pt\/wp-json\/wp\/v2\/types\/post"}],"author":[{"embeddable":true,"href":"https:\/\/www.europesays.com\/pt\/wp-json\/wp\/v2\/users\/2"}],"replies":[{"embeddable":true,"href":"https:\/\/www.europesays.com\/pt\/wp-json\/wp\/v2\/comments?post=100026"}],"version-history":[{"count":0,"href":"https:\/\/www.europesays.com\/pt\/wp-json\/wp\/v2\/posts\/100026\/revisions"}],"wp:featuredmedia":[{"embeddable":true,"href":"https:\/\/www.europesays.com\/pt\/wp-json\/wp\/v2\/media\/100027"}],"wp:attachment":[{"href":"https:\/\/www.europesays.com\/pt\/wp-json\/wp\/v2\/media?parent=100026"}],"wp:term":[{"taxonomy":"category","embeddable":true,"href":"https:\/\/www.europesays.com\/pt\/wp-json\/wp\/v2\/categories?post=100026"},{"taxonomy":"post_tag","embeddable":true,"href":"https:\/\/www.europesays.com\/pt\/wp-json\/wp\/v2\/tags?post=100026"}],"curies":[{"name":"wp","href":"https:\/\/api.w.org\/{rel}","templated":true}]}}