{"id":100037,"date":"2025-10-06T19:44:08","date_gmt":"2025-10-06T19:44:08","guid":{"rendered":"https:\/\/www.europesays.com\/pt\/100037\/"},"modified":"2025-10-06T19:44:08","modified_gmt":"2025-10-06T19:44:08","slug":"tirem-no-da-mesa-medico-interrompe-doacao-de-orgaos-e-salva-vida","status":"publish","type":"post","link":"https:\/\/www.europesays.com\/pt\/100037\/","title":{"rendered":"&#8220;Tirem-no da mesa&#8221;. M\u00e9dico interrompe doa\u00e7\u00e3o de \u00f3rg\u00e3os e salva vida"},"content":{"rendered":"<p>Larry Black Jr., de 22 anos, foi baleado na cabe\u00e7a em 24 de mar\u00e7o de 2019, tendo sido levado para o hospital. Cerca de uma semana depois, foi levado para uma cirurgia para retirar os seus \u00f3rg\u00e3os para doar. Dada a gravidade do incidente, n\u00e3o parece inveros\u00edmil. O \u00fanico problema \u00e9 que Larry&#8230; ainda estava vivo.\u00a0<\/p>\n<p>J\u00e1 deitado na mesa cir\u00fargica, Larry esteve a segundos de ter os seus \u00f3rg\u00e3os removidos. Nessa altura, um m\u00e9dico correu para a sala de opera\u00e7\u00f5es e, ao entrar, gritou: &#8220;Tirem-no da mesa. Este paciente \u00e9 meu. Tirem-no da mesa&#8221;.<\/p>\n<p>A equipa cir\u00fargica do Hospital universit\u00e1rio SSM Health Saint Louis n\u00e3o reconheceu de imediato o m\u00e9dico, tratando-se de Zohny Zohny &#8211; o neurocirurgi\u00e3o designado para o caso de Larry.<\/p>\n<p>Sem perceber o que se estava a passar, a equipa referiu ter o consentimento da fam\u00edlia do jovem para proceder \u00e0 doa\u00e7\u00e3o dos \u00f3rg\u00e3os, conta a <a href=\"https:\/\/edition.cnn.com\/2025\/09\/11\/health\/organ-donor-surgery-kff-health-news\" target=\"_blank\" rel=\"noopener nofollow\">CNN International<\/a>.<\/p>\n<p>&#8220;N\u00e3o quero saber se temos consentimento. Ainda n\u00e3o falei com a fam\u00edlia e n\u00e3o concordo com isto. Tirem-no da mesa&#8221;, recordou Zohny.<\/p>\n<p>Mas, afinal o que aconteceu?<\/p>\n<p>Larry Black Jr. foi baleado na cabe\u00e7a quando estava a caminho de casa da irm\u00e3.<\/p>\n<p>&#8220;N\u00e3o percebi que tinha levado um tiro&#8221;, disse Black, acrescentando que ainda correu &#8220;um ou dois quarteir\u00f5es&#8221;. No entanto, algum tempo depois, acabou por colapsar, tendo-se arrastado at\u00e9 \u00e0 porta de casa de uma vizinha onde pediu ajuda.\u00a0<\/p>\n<p>Posteriormente, foi transportado para o hospital e pediu \u00e0 irm\u00e3 que n\u00e3o se preocupasse. A caminho do hospital perdeu v\u00e1rias vezes a consci\u00eancia.<\/p>\n<p>Cerca de uma semana depois, uma mulher com folhetos sobre a doa\u00e7\u00e3o de \u00f3rg\u00e3os dirigiu-se \u00e0 fam\u00edlia dizendo que Larry era um potencial dador, uma vez que essa informa\u00e7\u00e3o constava no seu cart\u00e3o de identifica\u00e7\u00e3o.<\/p>\n<p>&#8220;Lembro-me de a minha m\u00e3e dizer: &#8216;Agora n\u00e3o, ainda \u00e9 cedo'&#8221;, contou a irm\u00e3 de Larry. Mas, a mulher insistiu.<\/p>\n<p>&#8220;Ela perguntou: &#8216;Posso deixar-vos alguns folhetos?&#8217;. A minha m\u00e3e ficou nervosa porque parecia que nos estava a pressionar&#8221;, acrescentando que a fam\u00edlia j\u00e1 tinha passado por um epis\u00f3dio semelhante com outro irm\u00e3o que morreu afogado em 2007 e os seus \u00f3rg\u00e3os foram doados.<\/p>\n<p>Embora houvesse alguma resist\u00eancia, a fam\u00edlia acabou por consentir a doa\u00e7\u00e3o dos \u00f3rg\u00e3os de Larry. De seguida, foram avisados que se deviam preparar para a &#8220;\u00faltima caminhada da vida&#8221; do jovem de 22 anos.\u00a0<\/p>\n<p>A irm\u00e3 de Larry continuava, no entanto, a acreditar que o irm\u00e3o poderia continuar a lutar pela vida e, por isso, pediu aos m\u00e9dicos que reavaliassem o caso antes de levarem Larry para a sala de opera\u00e7\u00f5es.\u00a0<\/p>\n<p>&#8220;Eu disse: &#8216;O meu irm\u00e3o est\u00e1 a bater na cama&#8217; e responderam que era apenas uma rea\u00e7\u00e3o, efeito da medica\u00e7\u00e3o. Eu insisti porque ele estava demasiado alerta, parecia querer dizer-nos: &#8216;Por favor, n\u00e3o deixem que fa\u00e7am isto comigo. Estou aqui'&#8221;, recordou.<\/p>\n<p>&#8220;N\u00e3o, n\u00e3o pode ser o meu paciente&#8221;<\/p>\n<p>O neurocirurgi\u00e3o Zohny revelou que ouviu pelo altifalante do hospital o an\u00fancio de uma &#8220;caminhada do her\u00f3i&#8221;. Uma vez que n\u00e3o conhecia o termo, perguntou do que \u00e9 que se tratava. Assim, os seus colegas m\u00e9dicos explicaram-lhe que a &#8220;caminhada&#8221; possivelmente seria para o seu paciente Larry.<\/p>\n<p>&#8220;N\u00e3o, n\u00e3o pode ser o meu paciente. N\u00e3o concordei&#8221;, disse.<\/p>\n<p>Zohny ligou para a UCI &#8211; Unidade de Cuidados Intensivos &#8211; e a pessoa que atendeu deu-lhe a not\u00edcia de que o seu paciente estava a ser levado para a sala de opera\u00e7\u00f5es.<\/p>\n<p>O neurocirurgi\u00e3o deu ainda conta de que Larry n\u00e3o tinha sido submetido a um exame de morte cerebral, tendo informado o seu diretor e corrido para a sala de opera\u00e7\u00f5es. Por sua vez, a fam\u00edlia de Larry, que aguardava no corredor, foi conduzida por Zohny para uma sala vazia e disse: &#8220;N\u00e3o posso matar o seu filho&#8221;.<\/p>\n<p>Desta feita, mostrou-lhe imagens do c\u00e9rebro de Larry, apontou qual a a\u00e9rea que estava danificada e explicou que a ferida da bala era algo de que o jovem poderia recuperar. Perguntou se estavam dispostos a dar-lhe mais tempo para recuperar, em vez de suspender os cuidados m\u00e9dicos.<\/p>\n<p>&#8220;Acho que nenhuma fam\u00edlia consentiria a doa\u00e7\u00e3o de \u00f3rg\u00e3os a n\u00e3o ser que lhes tivesse sido transmitido que o seu familiar tinha um progn\u00f3stico muito grave. Nunca discuti o progn\u00f3stico com a fam\u00edlia, porque ainda era demasiado cedo para isso&#8221;, explicou.<\/p>\n<p>Zohny assumiu que poderia estar a correr um risco profissional, mas &#8220;o pior cen\u00e1rio era perder o emprego&#8221; e &#8220;para ele, o pior seria perder a vida injustamente&#8221;.<\/p>\n<p>Depois do epis\u00f3dio, Zonhy retirou todos os sedativos de Larry, que acordou dois dias depois e come\u00e7ou a falar. Na semana seguinte, estava j\u00e1 de p\u00e9.<\/p>\n<p>Larry Black Jr. tem hoje 28 anos. \u00c9 m\u00fasico e pai de tr\u00eas filhos. Teve de reaprender a andar, a soletrar e a ler. &#8220;Tive de aprender o meu nome, o meu n\u00famero da seguran\u00e7a social, a minha data de nascimento, tudo&#8221;.<\/p>\n<p>Para Zohny, foi &#8220;um milagre absoluto&#8221; ter conseguido salvar a vida do jovem de 22 anos.<\/p>\n<p>A esta\u00e7\u00e3o televisiva refere que o hospital se recusou a comentar os detalhes do caso de Larry.<\/p>\n<p>Leia Tamb\u00e9m: <a href=\"https:\/\/www.noticiasaominuto.com\/mundo\/2859298\/menor-morre-apos-cirurgia-estetica-feita-pelo-padrasto-pai-nao-sabia\" target=\"_blank\" rel=\"noopener noreferrer nofollow\">M\u00e9xico: Menor morre ap\u00f3s cirurgia est\u00e9tica feita pelo padrasto<\/a><\/p>\n","protected":false},"excerpt":{"rendered":"Larry Black Jr., de 22 anos, foi baleado na cabe\u00e7a em 24 de mar\u00e7o de 2019, tendo sido&hellip;\n","protected":false},"author":2,"featured_media":100038,"comment_status":"","ping_status":"","sticky":false,"template":"","format":"standard","meta":{"footnotes":""},"categories":[50],"tags":[27,28,15,16,14,25,26,21,22,62,12,13,19,20,23,24,17,18,29,30,31,63,64,65],"class_list":{"0":"post-100037","1":"post","2":"type-post","3":"status-publish","4":"format-standard","5":"has-post-thumbnail","7":"category-mundo","8":"tag-breaking-news","9":"tag-breakingnews","10":"tag-featured-news","11":"tag-featurednews","12":"tag-headlines","13":"tag-latest-news","14":"tag-latestnews","15":"tag-main-news","16":"tag-mainnews","17":"tag-mundo","18":"tag-news","19":"tag-noticias","20":"tag-noticias-principais","21":"tag-noticiasprincipais","22":"tag-principais-noticias","23":"tag-principaisnoticias","24":"tag-top-stories","25":"tag-topstories","26":"tag-ultimas","27":"tag-ultimas-noticias","28":"tag-ultimasnoticias","29":"tag-world","30":"tag-world-news","31":"tag-worldnews"},"share_on_mastodon":{"url":"","error":""},"_links":{"self":[{"href":"https:\/\/www.europesays.com\/pt\/wp-json\/wp\/v2\/posts\/100037","targetHints":{"allow":["GET"]}}],"collection":[{"href":"https:\/\/www.europesays.com\/pt\/wp-json\/wp\/v2\/posts"}],"about":[{"href":"https:\/\/www.europesays.com\/pt\/wp-json\/wp\/v2\/types\/post"}],"author":[{"embeddable":true,"href":"https:\/\/www.europesays.com\/pt\/wp-json\/wp\/v2\/users\/2"}],"replies":[{"embeddable":true,"href":"https:\/\/www.europesays.com\/pt\/wp-json\/wp\/v2\/comments?post=100037"}],"version-history":[{"count":0,"href":"https:\/\/www.europesays.com\/pt\/wp-json\/wp\/v2\/posts\/100037\/revisions"}],"wp:featuredmedia":[{"embeddable":true,"href":"https:\/\/www.europesays.com\/pt\/wp-json\/wp\/v2\/media\/100038"}],"wp:attachment":[{"href":"https:\/\/www.europesays.com\/pt\/wp-json\/wp\/v2\/media?parent=100037"}],"wp:term":[{"taxonomy":"category","embeddable":true,"href":"https:\/\/www.europesays.com\/pt\/wp-json\/wp\/v2\/categories?post=100037"},{"taxonomy":"post_tag","embeddable":true,"href":"https:\/\/www.europesays.com\/pt\/wp-json\/wp\/v2\/tags?post=100037"}],"curies":[{"name":"wp","href":"https:\/\/api.w.org\/{rel}","templated":true}]}}