{"id":100039,"date":"2025-10-06T19:47:03","date_gmt":"2025-10-06T19:47:03","guid":{"rendered":"https:\/\/www.europesays.com\/pt\/100039\/"},"modified":"2025-10-06T19:47:03","modified_gmt":"2025-10-06T19:47:03","slug":"ha-quatro-ou-cinco-decadas-ter-cancro-da-mama-era-uma-sentenca-de-morte-ja-nao-o-e-ha-solucao-para-cerca-de-85-dessas-mulheres","status":"publish","type":"post","link":"https:\/\/www.europesays.com\/pt\/100039\/","title":{"rendered":"\u201cH\u00e1 quatro ou cinco d\u00e9cadas, ter cancro da mama era uma senten\u00e7a de morte. J\u00e1 n\u00e3o o \u00e9. H\u00e1 solu\u00e7\u00e3o para cerca de 85% dessas mulheres\u201d"},"content":{"rendered":"<p>\t\t<img decoding=\"async\" src=\"https:\/\/www.europesays.com\/pt\/wp-content\/uploads\/2025\/10\/1759780022_834_\"  loading=\"true\"\/><\/p>\n<p>                        Matilde Fieschi<\/p>\n<p>Maria Manuel Mota sublinha a relev\u00e2ncia de falar sobre uma doen\u00e7a que em Portugal regista 9 mil novos casos e 2 mil mortes por ano, afetando uma em cada oito a doze mulheres, mas tamb\u00e9m 1% de homens. Apesar da evolu\u00e7\u00e3o not\u00e1vel \u2014 hoje 85% dos diagn\u00f3sticos t\u00eam solu\u00e7\u00e3o \u2014 persistem desafios nas met\u00e1stases e na resist\u00eancia aos f\u00e1rmacos. Na conversa, a cientista destaca a import\u00e2ncia do rastreio precoce e da preven\u00e7\u00e3o atrav\u00e9s de estilos de vida saud\u00e1veis, mas evidencia igualmente que nem sempre o risco \u00e9 control\u00e1vel. <\/p>\n<p>\t\t<img decoding=\"async\" src=\"https:\/\/www.europesays.com\/pt\/wp-content\/uploads\/2025\/10\/1759780023_385_\"  loading=\"true\"\/><\/p>\n<p>                        Expresso<\/p>\n","protected":false},"excerpt":{"rendered":"Matilde Fieschi Maria Manuel Mota sublinha a relev\u00e2ncia de falar sobre uma doen\u00e7a que em Portugal regista 9&hellip;\n","protected":false},"author":2,"featured_media":100040,"comment_status":"","ping_status":"","sticky":false,"template":"","format":"standard","meta":{"footnotes":""},"categories":[10],"tags":[27,28,15,16,14,25,26,21,22,12,13,19,20,32,23,24,33,17,18,29,30,31],"class_list":{"0":"post-100039","1":"post","2":"type-post","3":"status-publish","4":"format-standard","5":"has-post-thumbnail","7":"category-portugal","8":"tag-breaking-news","9":"tag-breakingnews","10":"tag-featured-news","11":"tag-featurednews","12":"tag-headlines","13":"tag-latest-news","14":"tag-latestnews","15":"tag-main-news","16":"tag-mainnews","17":"tag-news","18":"tag-noticias","19":"tag-noticias-principais","20":"tag-noticiasprincipais","21":"tag-portugal","22":"tag-principais-noticias","23":"tag-principaisnoticias","24":"tag-pt","25":"tag-top-stories","26":"tag-topstories","27":"tag-ultimas","28":"tag-ultimas-noticias","29":"tag-ultimasnoticias"},"share_on_mastodon":{"url":"","error":""},"_links":{"self":[{"href":"https:\/\/www.europesays.com\/pt\/wp-json\/wp\/v2\/posts\/100039","targetHints":{"allow":["GET"]}}],"collection":[{"href":"https:\/\/www.europesays.com\/pt\/wp-json\/wp\/v2\/posts"}],"about":[{"href":"https:\/\/www.europesays.com\/pt\/wp-json\/wp\/v2\/types\/post"}],"author":[{"embeddable":true,"href":"https:\/\/www.europesays.com\/pt\/wp-json\/wp\/v2\/users\/2"}],"replies":[{"embeddable":true,"href":"https:\/\/www.europesays.com\/pt\/wp-json\/wp\/v2\/comments?post=100039"}],"version-history":[{"count":0,"href":"https:\/\/www.europesays.com\/pt\/wp-json\/wp\/v2\/posts\/100039\/revisions"}],"wp:featuredmedia":[{"embeddable":true,"href":"https:\/\/www.europesays.com\/pt\/wp-json\/wp\/v2\/media\/100040"}],"wp:attachment":[{"href":"https:\/\/www.europesays.com\/pt\/wp-json\/wp\/v2\/media?parent=100039"}],"wp:term":[{"taxonomy":"category","embeddable":true,"href":"https:\/\/www.europesays.com\/pt\/wp-json\/wp\/v2\/categories?post=100039"},{"taxonomy":"post_tag","embeddable":true,"href":"https:\/\/www.europesays.com\/pt\/wp-json\/wp\/v2\/tags?post=100039"}],"curies":[{"name":"wp","href":"https:\/\/api.w.org\/{rel}","templated":true}]}}