{"id":100051,"date":"2025-10-06T20:01:11","date_gmt":"2025-10-06T20:01:11","guid":{"rendered":"https:\/\/www.europesays.com\/pt\/100051\/"},"modified":"2025-10-06T20:01:11","modified_gmt":"2025-10-06T20:01:11","slug":"tem-filhos-no-luxemburgo-pode-reformar-se-ate-quatro-anos-mais-cedo","status":"publish","type":"post","link":"https:\/\/www.europesays.com\/pt\/100051\/","title":{"rendered":"Tem filhos no Luxemburgo? Pode reformar-se at\u00e9 quatro anos mais cedo"},"content":{"rendered":"<p class=\"Paragraph_paragraph__LYN3_ Paragraph_paragraph--default-lg-default__MAMO6 articleParagraph\">Numa altura em que o regime de pens\u00f5es est\u00e1 em debate no Luxemburgo, Governo e patronato defendem mudan\u00e7as que passam pelo aumento do tempo de trabalho e dos anos de contribui\u00e7\u00f5es. Ambos concordam em manter a idade legal de reforma nos 65 anos, mas prop\u00f5em condi\u00e7\u00f5es mais rigorosas para a reforma antecipada. J\u00e1 os sindicatos s\u00e3o contra essas altera\u00e7\u00f5es.<\/p>\n<p class=\"Paragraph_paragraph__LYN3_ Paragraph_paragraph--default-lg-default__MAMO6 articleParagraph\">Apesar do debate pol\u00e9mico que deixa os parceiros sociais de costas voltadas, o projeto do Governo garante a manuten\u00e7\u00e3o do chamado Baby Year (\u2019ano beb\u00e9\u2019, em portugu\u00eas). Trata-se de um sistema em que o n\u00famero de filhos tem impacto no per\u00edodo de contribui\u00e7\u00e3o para a reforma, mesmo sem interrup\u00e7\u00e3o da atividade profissional. Mas afinal, o que \u00e9 exatamente o Baby Year e como pode ser utilizado? Fonte da CNAP explica tudo ao Contacto.  <\/p>\n<p><strong>O que \u00e9 o Baby Year?<\/strong><\/p>\n<p class=\"Paragraph_paragraph__LYN3_ Paragraph_paragraph--default-lg-default__MAMO6 articleParagraph\">O Baby Year \u00e9 um mecanismo da Caixa Nacional de Seguro Pens\u00f5es (CNAP) que acrescenta at\u00e9 quatro anos de contribui\u00e7\u00f5es fict\u00edcias na carreira contributiva dos pais que cuidem de filhos at\u00e9 aos quatro anos de idade. O acr\u00e9scimo \u00e9 feito em tempo e em dinheiro a contar para a reforma. Este incentivo \u00e0 natalidade destina-se aos pais quer tenham continuado a trabalhar ap\u00f3s o nascimento dos filhos ou interrompido a carreira profissional. <\/p>\n<p class=\"Paragraph_paragraph__LYN3_ Paragraph_paragraph--default-lg-default__MAMO6 articleParagraph\">Este apoio \u00e9 tamb\u00e9m destinado aos pais que adotam e tamb\u00e9m aos que t\u00eam filhos com uma defici\u00eancia f\u00edsica ou mental superior a 50%. No caso de ado\u00e7\u00e3o, a crian\u00e7a n\u00e3o pode ter mais de quatro anos no momento da ado\u00e7\u00e3o.<\/p>\n<p><strong>Quando \u00e9 que h\u00e1 Baby Year?<\/strong><\/p>\n<p class=\"Paragraph_paragraph__LYN3_ Paragraph_paragraph--default-lg-default__MAMO6 articleParagraph\">H\u00e1 Baby Year aquando da ado\u00e7\u00e3o ou do nascimento de uma crian\u00e7a. Se o pai ou a m\u00e3e usufru\u00edram da licen\u00e7a de maternidade ou paternidade, o Baby Year s\u00f3 come\u00e7a a contar no m\u00eas ap\u00f3s o fim da licen\u00e7a.<\/p>\n<p><strong>Como \u00e9 calculado o sal\u00e1rio fict\u00edcio do Baby Year?<\/strong><\/p>\n<p class=\"Paragraph_paragraph__LYN3_ Paragraph_paragraph--default-lg-default__MAMO6 articleParagraph\">Durante o Baby Year, o tempo conta para a pens\u00e3o como se tivesse havido trabalho e contribui\u00e7\u00f5es, independentemente de o benefici\u00e1rio estar a trabalhar ou n\u00e3o. O valor considerado \u00e9 baseado na m\u00e9dia dos rendimentos dos 12 meses anteriores ao nascimento ou ado\u00e7\u00e3o.<\/p>\n<p class=\"Paragraph_paragraph__LYN3_ Paragraph_paragraph--default-lg-default__MAMO6 articleParagraph\">O valor m\u00ednimo registado para este per\u00edodo \u00e9 de 270,28 euros por m\u00eas, o que corresponde aproximadamente a 1,5 vezes o sal\u00e1rio social m\u00ednimo.<\/p>\n<p class=\"Paragraph_paragraph__LYN3_ Paragraph_paragraph--default-lg-default__MAMO6 articleParagraph\">Em caso de g\u00e9meos ou sobreposi\u00e7\u00e3o de per\u00edodos, o tempo s\u00f3 \u00e9 contado uma vez, mas \u00e9 registado um sal\u00e1rio m\u00ednimo fict\u00edcio por cada crian\u00e7a.<\/p>\n<p><strong>Quem pode beneficiar do Baby Year?<\/strong><\/p>\n<p class=\"Paragraph_paragraph__LYN3_ Paragraph_paragraph--default-lg-default__MAMO6 articleParagraph\">Para ter direito, \u00e9 necess\u00e1rio estar afiliado ao regime de pens\u00f5es luxemburgu\u00eas, ter pelo menos 12 meses de contribui\u00e7\u00f5es obrigat\u00f3rias nos 36 meses antes do nascimento ou ado\u00e7\u00e3o e dedicar-se efetivamente \u00e0 educa\u00e7\u00e3o do filho.<\/p>\n<p class=\"Paragraph_paragraph__LYN3_ Paragraph_paragraph--default-lg-default__MAMO6 articleParagraph\">Tamb\u00e9m contam per\u00edodos de trabalho noutros pa\u00edses da Uni\u00e3o Europeia (ou pa\u00edses com acordos de seguran\u00e7a social com o Luxemburgo). O Baby Year \u00e9 v\u00e1lido para trabalhadores transfronteiri\u00e7os, desde que o Luxemburgo tenha sido o \u00faltimo pa\u00eds de afilia\u00e7\u00e3o antes do nascimento\/ado\u00e7\u00e3o e que o pa\u00eds de resid\u00eancia n\u00e3o contabilize o mesmo per\u00edodo.<\/p>\n<p><strong>\u00c9 preciso parar de trabalhar para beneficiar?<\/strong><\/p>\n<p class=\"Paragraph_paragraph__LYN3_ Paragraph_paragraph--default-lg-default__MAMO6 articleParagraph\">N\u00e3o. O Baby Year aplica-se a todos os pais mesmo aos que n\u00e3o interrompem a carreira profissional para cuidar dos filhos. <\/p>\n<p><strong>Como se divide o Baby Year entre os pais?<\/strong><\/p>\n<p class=\"Paragraph_paragraph__LYN3_ Paragraph_paragraph--default-lg-default__MAMO6 articleParagraph\">Por norma, os anos do Baby Year s\u00e3o divididos em partes iguais pelos progenitores. A t\u00edtulo de exemplo, num agregado familiar com um filho e por consequ\u00eancia com direito a dois anos de Baby Year, um ano acresce \u00e0 carreira contributiva da m\u00e3e e o outro ano \u00e0 do pai. Neste caso concreto, aquando do pedido \u00e0 CNAP n\u00e3o \u00e9 necess\u00e1rio acordo pr\u00e9vio de um ou de outro progenitor. A assinatura de acordo pr\u00e9vio s\u00f3 \u00e9 necess\u00e1ria quando um dos pais decide entregar, neste caso, o seu ano Baby Year ao c\u00f4njuge. <\/p>\n<p class=\"Paragraph_paragraph__LYN3_ Paragraph_paragraph--default-lg-default__MAMO6 articleParagraph\">Os pais podem decidir atribuir todo o per\u00edodo a apenas um deles, bastando assinalar essa op\u00e7\u00e3o no formul\u00e1rio. Esta decis\u00e3o \u00e9 definitiva e irrevers\u00edvel. Se n\u00e3o houver acordo, o per\u00edodo \u00e9 dividido ao meio, exceto se um dos pais provar que assumiu sozinho a educa\u00e7\u00e3o.<\/p>\n<p><a href=\"https:\/\/www.contacto.lu\/economia\/ha-quem-perca-dinheiro-durante-a-licenca-parental.-saiba-se-pode-ser-o-seu-caso\/87255074.html\" class=\"RelatedTeaser_related-teaser__e_L1I RelatedTeaser_related-teaser--image__OcaQp read-more_withImage__1YJa_\" data-article-id=\"87255074\" rel=\"nofollow noopener\" target=\"_blank\"><\/p>\n<p>Ler mais:H\u00e1 quem perca dinheiro durante a licen\u00e7a parental. Saiba se pode ser o seu caso<\/p>\n<p><\/a><strong>Como pedir o Baby Year?<\/strong><\/p>\n<p class=\"Paragraph_paragraph__LYN3_ Paragraph_paragraph--default-lg-default__MAMO6 articleParagraph\">O pedido pode ser feito logo ap\u00f3s o nascimento ou ado\u00e7\u00e3o (mas s\u00f3 \u00e9 tratado a partir dos quatro anos da crian\u00e7a) ou no momento em que se pede a pens\u00e3o.<\/p>\n<p class=\"Paragraph_paragraph__LYN3_ Paragraph_paragraph--default-lg-default__MAMO6 articleParagraph\">O <a class=\"LinkText_link-text__d45b_ annotation-link_annotationLink__nXU8B\" href=\"https:\/\/guichet.public.lu\/dam-assets\/catalogue-formulaires\/retraite\/demande-baby-years\/demande-obtention-baby-years-fr.pdf\" target=\"_blank\" rel=\"nofollow noopener\">formul\u00e1rio<\/a> est\u00e1 dispon\u00edvel no site da\u00a0CNAP ou no site Guichet.lu. Os trabalhadores do setor privado e independentes devem enviar o pedido para a CNAP, enquanto os funcion\u00e1rios p\u00fablicos t\u00eam organismos pr\u00f3prios para tratar do processo, conforme a sua \u00e1rea de trabalho.<\/p>\n<p><strong>Qual \u00e9 o impacto do Baby Year na reforma?<\/strong><\/p>\n<p class=\"Paragraph_paragraph__LYN3_ Paragraph_paragraph--default-lg-default__MAMO6 articleParagraph\">O Baby Year aumenta o tempo contado na carreira contributiva, o que pode aumentar o valor da pens\u00e3o. Se houver meses de trabalho que coincidam com meses de Baby Year, esses meses s\u00f3 s\u00e3o contabilizados uma vez.<\/p>\n<p class=\"Paragraph_paragraph__LYN3_ Paragraph_paragraph--default-lg-default__MAMO6 articleParagraph\"><strong>Limita\u00e7\u00f5es importantes:<\/strong><\/p>\n<ul data-testid=\"bullet-list\" class=\"List_list___v2_M List_list--unordered__9ogg5 styles_list__7BMph\">\n<li class=\"List_list-item__Ar0EM\">\n<p class=\"Paragraph_paragraph__LYN3_ Paragraph_paragraph--default-lg-default__MAMO6 articleParagraph\">O benef\u00edcio \u00e9 limitado a um m\u00e1ximo de quatro anos.<\/p>\n<\/li>\n<li class=\"List_list-item__Ar0EM\">\n<p class=\"Paragraph_paragraph__LYN3_ Paragraph_paragraph--default-lg-default__MAMO6 articleParagraph\">Se v\u00e1rios Baby Years se sobrep\u00f5em (ex.: g\u00e9meos), o tempo n\u00e3o \u00e9 duplicado, mas o sal\u00e1rio fict\u00edcio \u00e9 registado por cada filho.<\/p>\n<\/li>\n<li class=\"List_list-item__Ar0EM\">\n<p class=\"Paragraph_paragraph__LYN3_ Paragraph_paragraph--default-lg-default__MAMO6 articleParagraph\">A decis\u00e3o de partilha entre os pais \u00e9 definitiva.<\/p>\n<\/li>\n<li class=\"List_list-item__Ar0EM\">\n<p class=\"Paragraph_paragraph__LYN3_ Paragraph_paragraph--default-lg-default__MAMO6 articleParagraph\">O Baby Year n\u00e3o \u00e9 o mesmo que licen\u00e7a parental, licen\u00e7a de maternidade\/paternidade ou subs\u00eddios familiares.<\/p>\n<\/li>\n<\/ul>\n<p class=\"Paragraph_paragraph__LYN3_ Paragraph_paragraph--default-lg-default__MAMO6 articleParagraph\">Em suma, quatro anos \u00e9 o m\u00e1ximo de tempo poss\u00edvel de que uma m\u00e3e ou um pai pode beneficiar para efeitos de reforma, no \u00e2mbito do Baby Year.<\/p>\n<p class=\"Paragraph_paragraph__LYN3_ Paragraph_paragraph--default-lg-default__MAMO6 articleParagraph\">Para usufruir desta vantagem \u2013 que permite aos pais partirem mais cedo para a reforma \u2013 \u00e9 obrigat\u00f3rio fazer expressamente o pedido \u00e0 CNAP. Sem ele, nada feito.<\/p>\n<p class=\"Paragraph_paragraph__LYN3_ Paragraph_paragraph--default-lg-default__MAMO6 articleParagraph\">A primeira coisa a reter \u00e9 que esta lei \u00e9 destinada \u00e0s m\u00e3es e aos pais com descontos para a Seguran\u00e7a Social luxemburguesa. Mais concretamente, t\u00eam de ter pelo menos 12 meses de descontos nos 36 meses anteriores ao nascimento ou ado\u00e7\u00e3o da crian\u00e7a. E isso, independentemente de serem residentes nacionais, estrangeiros ou transfronteiri\u00e7os. Conv\u00e9m tamb\u00e9m sublinhar que este \u00e9 o \u00fanico crit\u00e9rio de acesso, n\u00e3o estando vinculado a outros fatores como a licen\u00e7a parental ou at\u00e9 interrup\u00e7\u00e3o da atividade profissional.<\/p>\n<p class=\"Paragraph_paragraph__LYN3_ Paragraph_paragraph--default-lg-default__MAMO6 articleParagraph\">Fica claro que um filho, quer seja biol\u00f3gico ou adotado, pode \u2018valer\u2019 dois anos na contagem do per\u00edodo da idade da reforma. Mas essa equival\u00eancia pode aumentar para quatro anos aquando do terceiro filho ou se a crian\u00e7a tiver uma defici\u00eancia f\u00edsica ou mental. E esse \u00e9 limite. Por outras palavras, um segundo filho n\u00e3o aumenta o per\u00edodo a contar para a reforma. Isso s\u00f3 acontece aquando do nascimento de um terceiro filho. S\u00f3 a\u00ed \u00e9 que o tempo a contar para a reforma duplica para um m\u00e1ximo de quatro anos \u2013 dois anos do primeiro filho e outros dois do terceiro filho.<\/p>\n<p class=\"Paragraph_paragraph__LYN3_ Paragraph_paragraph--default-lg-default__MAMO6 articleParagraph\">Uma das caracter\u00edsticas do Baby Year \u00e9 a possibilidade de divis\u00e3o ou ced\u00eancia desse tempo entre os pais. Caso ambos sejam eleg\u00edveis, podem optar por dividir o per\u00edodo em partes iguais, ou seja, cada um recebe, no caso de terem um filho, um ano de tempo contributivo. Se n\u00e3o houver acordo, o tempo ser\u00e1 tamb\u00e9m repartido entre os dois. <\/p>\n<p class=\"Paragraph_paragraph__LYN3_ Paragraph_paragraph--default-lg-default__MAMO6 articleParagraph\">Outra possibilidade \u00e9 a ced\u00eancia da totalidade do per\u00edodo para o outro progenitor, mas essa decis\u00e3o s\u00f3 \u00e9 v\u00e1lida se for formalizada atrav\u00e9s de uma declara\u00e7\u00e3o escrita e assinada. Esta op\u00e7\u00e3o \u00e9 definitiva e n\u00e3o pode ser alterada.<\/p>\n<p>Newsletter O MELHOR DA SEMANA<\/p>\n<p class=\"Paragraph_paragraph__LYN3_ Paragraph_paragraph--default-sm-default___Sznv _description_r7y8f_14\">As hist\u00f3rias que marcaram os \u00faltimos dias pela lente dos editores.<\/p>\n<p>Sie k\u00f6nnen sich jederzeit wieder abmelden, wenn Sie das  m\u00f6chten. Weitere Informationen finden Sie in unserer <a class=\"LinkText_link-text__d45b_ _link_f4sen_6\" href=\"https:\/\/www.aachener-zeitung.de\/anonym\/datenschutzerklaerung\/3222071.html\" target=\"_blank\" rel=\"nofollow noopener\">Datenschutzrichtlinie<\/a>.<\/p>\n","protected":false},"excerpt":{"rendered":"Numa altura em que o regime de pens\u00f5es est\u00e1 em debate no Luxemburgo, Governo e patronato defendem mudan\u00e7as&hellip;\n","protected":false},"author":2,"featured_media":100052,"comment_status":"","ping_status":"","sticky":false,"template":"","format":"standard","meta":{"footnotes":""},"categories":[50],"tags":[27,28,15,16,14,25,26,21,22,62,12,13,19,20,23,24,17,18,29,30,31,63,64,65],"class_list":{"0":"post-100051","1":"post","2":"type-post","3":"status-publish","4":"format-standard","5":"has-post-thumbnail","7":"category-mundo","8":"tag-breaking-news","9":"tag-breakingnews","10":"tag-featured-news","11":"tag-featurednews","12":"tag-headlines","13":"tag-latest-news","14":"tag-latestnews","15":"tag-main-news","16":"tag-mainnews","17":"tag-mundo","18":"tag-news","19":"tag-noticias","20":"tag-noticias-principais","21":"tag-noticiasprincipais","22":"tag-principais-noticias","23":"tag-principaisnoticias","24":"tag-top-stories","25":"tag-topstories","26":"tag-ultimas","27":"tag-ultimas-noticias","28":"tag-ultimasnoticias","29":"tag-world","30":"tag-world-news","31":"tag-worldnews"},"share_on_mastodon":{"url":"","error":""},"_links":{"self":[{"href":"https:\/\/www.europesays.com\/pt\/wp-json\/wp\/v2\/posts\/100051","targetHints":{"allow":["GET"]}}],"collection":[{"href":"https:\/\/www.europesays.com\/pt\/wp-json\/wp\/v2\/posts"}],"about":[{"href":"https:\/\/www.europesays.com\/pt\/wp-json\/wp\/v2\/types\/post"}],"author":[{"embeddable":true,"href":"https:\/\/www.europesays.com\/pt\/wp-json\/wp\/v2\/users\/2"}],"replies":[{"embeddable":true,"href":"https:\/\/www.europesays.com\/pt\/wp-json\/wp\/v2\/comments?post=100051"}],"version-history":[{"count":0,"href":"https:\/\/www.europesays.com\/pt\/wp-json\/wp\/v2\/posts\/100051\/revisions"}],"wp:featuredmedia":[{"embeddable":true,"href":"https:\/\/www.europesays.com\/pt\/wp-json\/wp\/v2\/media\/100052"}],"wp:attachment":[{"href":"https:\/\/www.europesays.com\/pt\/wp-json\/wp\/v2\/media?parent=100051"}],"wp:term":[{"taxonomy":"category","embeddable":true,"href":"https:\/\/www.europesays.com\/pt\/wp-json\/wp\/v2\/categories?post=100051"},{"taxonomy":"post_tag","embeddable":true,"href":"https:\/\/www.europesays.com\/pt\/wp-json\/wp\/v2\/tags?post=100051"}],"curies":[{"name":"wp","href":"https:\/\/api.w.org\/{rel}","templated":true}]}}