{"id":100055,"date":"2025-10-06T20:04:33","date_gmt":"2025-10-06T20:04:33","guid":{"rendered":"https:\/\/www.europesays.com\/pt\/100055\/"},"modified":"2025-10-06T20:04:33","modified_gmt":"2025-10-06T20:04:33","slug":"nobel-da-medicina-distingue-descoberta-no-sistema-imunitario-observador","status":"publish","type":"post","link":"https:\/\/www.europesays.com\/pt\/100055\/","title":{"rendered":"Nobel da Medicina distingue descoberta no sistema imunit\u00e1rio &#8211; Observador"},"content":{"rendered":"<ol>\n<li><a href=\"https:\/\/news.google.com\/rss\/articles\/CBMi_AFBVV95cUxPTzIxRk9oQ3RWSzdyMlFrdnZyS2R2NzkyTWxOdDJRY3BudUMtX0NMc21oWEt0UkR0MWFDdnE2UEo1Y2ltWGdndVNZMmw2aVE2MS1iR2FXWkRGZW1MdzR2c2pfd1N0VVBUaExRRWdnc3hiTzNBNERNSHlCQ053Wnc5WGlMdjZYQzY1ZEY5R1I4T0tlWElPeEIyZl94dlZsb0lzbm5lR2FxWjRzNFRmdWFfbWFmTmg4TnVkRy05UGJrTnpvQTJSSnZ2M0tUMUdmVUJBYzdsdzZSRHNmZE9NTHgycXpNTlZOOUlRczE0bm80dlBTdUU1eWlJZmUwLXk?oc=5\" target=\"_blank\" rel=\"nofollow noopener\">Nobel da Medicina distingue descoberta no sistema imunit\u00e1rio<\/a>&nbsp;&nbsp;Observador<\/li>\n<li><a href=\"https:\/\/news.google.com\/rss\/articles\/CBMi2gFBVV95cUxObkRwR0liZEtzdm44aHF0YTR2RmFCQjBaSUhUUWt1OXFCOFAzSE01eFhGa1YzSEJZQ0FiSkx3bTlvLXhrbWxKUXl4dy1WZ0JvRWdJdG1wZ2dWcTlWM0dZdDJ4UEY4SjZNUERsNUFiT3JtaVItQ2ZELThhT3dHcUt4Yy1sZnRPTkp3SXg0cmZnTWtZMTdxb1VTY2RkdDlSRGFLYVl2a3F1NjRRUHRqOF8tSk5yeWJCTW1CaE9fLWI5dHJlNnJSTl9Rd3Z3cVdkaWUyTEsxQmtYQkd3Z9IB6AFBVV95cUxObFZkb0Z0QzdwOWlQamNjaVlBdWR1TTZjQVZYWEdGZlJtQVBJcHA0SnFfWEZra1FxNEpHY3NPd1FVRDl4UTlvQnRVWmJqQzd2eElMcnFHMHp6RThJWEs2MDY1ck5iS1dWbWdUbFo1eUMwUXVBbHBJUURrUUFacDVkYjlVUkJCcUJfdldJR0l0MWJMNFJHYnV1OGRFbDJTcnVCMzh5bFh0YVIxUDNtSlZ1Wlh1WmJpSDg5ZDU3XzRGS1A0Z3JzUkpKRm1wT0JrRFZCZGpoSXMtNjNKN2hZUDFrUXhXRU5remY0?oc=5\" target=\"_blank\" rel=\"nofollow noopener\">Como a descoberta premiada com o Nobel abriu caminho para novas terapias contra o c\u00e2ncer<\/a>&nbsp;&nbsp;G1<\/li>\n<li><a href=\"https:\/\/news.google.com\/rss\/articles\/CBMisgJBVV95cUxPQ1Q1VXA5d1dHV1NOZE9iRU1aNHpPR2JtQ0dqOTJBb09CWnBzNU92ZS1xY2xZcGNMNWd3Q0VDOG9jM1FpaEo3czJwMllCNHplTUFYTVZodFVMbExwZFRiaXlEQlBfWm5Qd05LLUdGUTBib3JXS3R5ZGlqVld6WE5EbEw0V2RTVjgtY180Mzl3clVxLTVGZnpXRnVScE5aS042NndZWDJtQzVUV2E4ckRRQlRkRzlxWnJkVV9OeDRHOW1IcGFsZnRNX0ltU3AyQUJfRDNtRmZVaEp6NHI5OWFXRm0xcGdJOERwZC1Mek9vakhjWlNDTDNsaWtsaFM5OVhpSm94SS03MWtXN1ZEZUVvVHpGQkd0cFZPV1h1bE1LYWxZRkctSFJtSzNta3RhMWR4anc?oc=5\" target=\"_blank\" rel=\"nofollow noopener\">As c\u00e9lulas que s\u00e3o &#8216;agentes de seguran\u00e7a&#8217; do sistema imunol\u00f3gico e renderam Nobel de Medicina de 2025 aos descobridores<\/a>&nbsp;&nbsp;Terra<\/li>\n<li><a href=\"https:\/\/news.google.com\/rss\/articles\/CBMiuwFBVV95cUxPM3Ewd3g3N3BrNFJmX1ItaTJ2SkphN2E1bU9tQTVSam9tZWJKTEZRWE83SzQ2QjBJNmgyZ094ZHBFRDJHMkl0MEpFQjliT0xDMDR2QU9QLU0tWEJpenRaQnRodGlPdGRPdUxwR040M0hVSXIzeFJPelVXSzlnbC1WX00wbnBWOHU1TzhQVkFUXy1rbE9idjBVVXhHLWV1aWdGLWp0OHhrdllIRHhjaHllcWRyZWtDN3VtS0ZB?oc=5\" target=\"_blank\" rel=\"nofollow noopener\">Cientistas com estudo sobre controle de imunologia vencem Nobel de Medicina<\/a>&nbsp;&nbsp;CNN Brasil<\/li>\n<li><a href=\"https:\/\/news.google.com\/rss\/articles\/CBMioAFBVV95cUxPM3JJQk5KYVA0TjFGaDViVmZzOXhlWTQ5RlFCX2RPVE5CN3dSZFBkQTM0Y21nWHlBa0RzT296Vkc1SlhlWERIb21pcHBBeDhnUXlFdENsQnBaSFBERVBmbE1uTi1FeU9KSi1raU5oemNwdXZ4ckNZR1pIT0ZQN2I1OE1QUWpBSzdmLVFzRUpaOUdkaFNoY25jdjRuTk1qZmNP?oc=5\" target=\"_blank\" rel=\"nofollow noopener\">Quanto ganha o vencedor do pr\u00eamio Nobel? Laureados levam valor milion\u00e1rio<\/a>&nbsp;&nbsp;UOL Economia<\/li>\n<\/ol>\n","protected":false},"excerpt":{"rendered":"Nobel da Medicina distingue descoberta no sistema imunit\u00e1rio&nbsp;&nbsp;Observador Como a descoberta premiada com o Nobel abriu caminho para&hellip;\n","protected":false},"author":2,"featured_media":99287,"comment_status":"","ping_status":"","sticky":false,"template":"","format":"standard","meta":{"footnotes":""},"categories":[8],"tags":[27,28,15,16,14,25,26,21,22,12,13,19,20,32,23,24,33,17,18,29,30,31],"class_list":{"0":"post-100055","1":"post","2":"type-post","3":"status-publish","4":"format-standard","5":"has-post-thumbnail","7":"category-principais-noticias","8":"tag-breaking-news","9":"tag-breakingnews","10":"tag-featured-news","11":"tag-featurednews","12":"tag-headlines","13":"tag-latest-news","14":"tag-latestnews","15":"tag-main-news","16":"tag-mainnews","17":"tag-news","18":"tag-noticias","19":"tag-noticias-principais","20":"tag-noticiasprincipais","21":"tag-portugal","22":"tag-principais-noticias","23":"tag-principaisnoticias","24":"tag-pt","25":"tag-top-stories","26":"tag-topstories","27":"tag-ultimas","28":"tag-ultimas-noticias","29":"tag-ultimasnoticias"},"share_on_mastodon":{"url":"","error":""},"_links":{"self":[{"href":"https:\/\/www.europesays.com\/pt\/wp-json\/wp\/v2\/posts\/100055","targetHints":{"allow":["GET"]}}],"collection":[{"href":"https:\/\/www.europesays.com\/pt\/wp-json\/wp\/v2\/posts"}],"about":[{"href":"https:\/\/www.europesays.com\/pt\/wp-json\/wp\/v2\/types\/post"}],"author":[{"embeddable":true,"href":"https:\/\/www.europesays.com\/pt\/wp-json\/wp\/v2\/users\/2"}],"replies":[{"embeddable":true,"href":"https:\/\/www.europesays.com\/pt\/wp-json\/wp\/v2\/comments?post=100055"}],"version-history":[{"count":0,"href":"https:\/\/www.europesays.com\/pt\/wp-json\/wp\/v2\/posts\/100055\/revisions"}],"wp:featuredmedia":[{"embeddable":true,"href":"https:\/\/www.europesays.com\/pt\/wp-json\/wp\/v2\/media\/99287"}],"wp:attachment":[{"href":"https:\/\/www.europesays.com\/pt\/wp-json\/wp\/v2\/media?parent=100055"}],"wp:term":[{"taxonomy":"category","embeddable":true,"href":"https:\/\/www.europesays.com\/pt\/wp-json\/wp\/v2\/categories?post=100055"},{"taxonomy":"post_tag","embeddable":true,"href":"https:\/\/www.europesays.com\/pt\/wp-json\/wp\/v2\/tags?post=100055"}],"curies":[{"name":"wp","href":"https:\/\/api.w.org\/{rel}","templated":true}]}}